{"id":11788,"date":"2010-11-26T00:00:00","date_gmt":"2010-11-26T00:00:00","guid":{"rendered":""},"modified":"2017-09-15T19:33:29","modified_gmt":"2017-09-15T19:33:29","slug":"ao-amigo-peixoto","status":"publish","type":"post","link":"http:\/\/rodolfomartino.com.br\/blog\/ao-amigo-peixoto\/","title":{"rendered":"Ao amigo Peixoto"},"content":{"rendered":"<p>Desde que soube, dias atr\u00e1s, da triste not\u00edcia do falecimento do Andr\u00e9 queria registrar aqui minha solidariedade \u00e0 dor do amigo distante \u2013 mas, sempre e sempre amigo \u2013 Geraldo Peixoto.<\/p>\n<p>N\u00e3o encontrei jeito, nem maneira.<\/p>\n<p>H\u00e1 momentos que nem mesmo um escriba, lavado e enxaguado nos becos e nas quebradas, consegue relatar, com veracidade, o que lhe vai \u00e0 alma e ao cora\u00e7\u00e3o.<\/p>\n<p>D\u00e1 tilte. Fica apenas o desafio da tela em branco.<\/p>\n<p>Pois \u00e9, meus caros\u2026<\/p>\n<p>N\u00e3o \u00e9 que hoje sou surpreendido com um email do amigo Peixoto. <\/p>\n<p>Sempre atencioso, ele se desculpa por que n\u00e3o ir\u00e1 ao lan\u00e7amento do meu livro no s\u00e1bado, dia 4.<\/p>\n<p>\u201cVivo ainda o luto recente, da perda de meu filho, que ele conheceu\u201d, diz ele no tocante recado.<\/p>\n<p>Na verdade, ele escreveu \u00e0 organiza\u00e7\u00e3o da tarde de aut\u00f3grafos, e me endere\u00e7ou em c\u00f3pia oculta.<br \/>\nPara as meninas de Eventos, ele fez um breve relato de nossas lembran\u00e7as que muito me emocionaram \u2013 e que modestamente quero repassar a voc\u00eas.<\/p>\n<p> \u201cO Rodolfo \u00e9 velho amigo do bairro do Ipiranga. Fui professor e tive uma escola de nata\u00e7\u00e3o, perto do jornal Gazeta do Ipiranga, onde o Rodolfo foi diretor e chefe de reda\u00e7\u00e3o por muitos e muitos anos. L\u00e1 nos conhecemos e ficamos amigos. Houve um tempo em que o Rodolfo fez nata\u00e7\u00e3o comigo. Nad\u00e1vamos juntos. Ali\u00e1s, convers\u00e1vamos muito mais do que nad\u00e1vamos. &quot;Parliamo, parliamo e parliamo&quot; (rsrsrs). Voc\u00eas conhecem essa hist\u00f3ria? Faz um temp\u00e3o que n\u00e3o vejo esse querido e inesquec\u00edvel amigo. Ele, como bom rep\u00f3rter, me ouvia muito mais, do que falava e, de vez em quando&#8230; nad\u00e1vamos. Lembro-me de uma hist\u00f3ria que contei a ele, que depois, ele transformou numa de suas cr\u00f4nicas, publicada na Gazeta do Ipiranga. \u00c9 a hist\u00f3ria de um vira-latas, vitimizado por um chute, na rua 7 de Abril. Quem sabe ele ainda se lembre. Pergunte a ele &#8211; e voc\u00eas v\u00e3o dar boas risadas. Lembro-me e tenho comigo um de seus livros de cr\u00f4nicas e hist\u00f3rias que foi lan\u00e7ado no Museu do Ipiranga. Lamento n\u00e3o poder estar presente na noite de lan\u00e7amento do seu livro. Vivo ainda o luto recente, da perda de meu filho, que ele conheceu e j\u00e1 o informei sobre essa perda. Hoje, moro em S\u00e3o Vicente. Transmita e ele, meu carinho, minha saudade e admira\u00e7\u00e3o. Geraldo Peixoto\u201d.<\/p>\n<p>Grande amigo, fiquei emocionado com suas carinhosas palavras.<\/p>\n<p>Receba meu abra\u00e7o e conforto. Sei da import\u00e2ncia e do amor pleno que dedicou ao Andr\u00e9, anjo bom que modificou a sua vida e a de tantos quantos estiveram ao seu redor.<\/p>\n<p>Vida que segue, companheiro.<\/p>\n<p>Como diz a can\u00e7\u00e3o, \u201cchegar e partir s\u00e3o dois lados da mesma viagem\u201d.<\/p>\n<p>Estamos juntos.<\/p>\n<p>Prometo dar um \u201cGoogle\u201d para achar o texto citado para (re)public\u00e1-lo aqui neste modesto espa\u00e7o.<\/p>\n<p>Tenha certeza, car\u00edssimo, que na tarde de s\u00e1bado, na Cultura do Shopping Villa Lobos, terei o amigo presente em meu cora\u00e7\u00e3o.<\/p>\n","protected":false},"excerpt":{"rendered":"<p>Desde que soube, dias atr\u00e1s, da triste not\u00edcia do falecimento do Andr\u00e9 queria registrar aqui minha solidariedade \u00e0 dor do amigo distante \u2013 mas, sempre e sempre amigo \u2013 Geraldo Peixoto.<\/p>\n","protected":false},"author":1,"featured_media":0,"comment_status":"closed","ping_status":"open","sticky":false,"template":"","format":"standard","meta":{"_exactmetrics_skip_tracking":false,"_uf_show_specific_survey":0,"_uf_disable_surveys":false,"footnotes":""},"categories":[5],"tags":[],"class_list":["post-11788","post","type-post","status-publish","format-standard","hentry","category-blog"],"_links":{"self":[{"href":"http:\/\/rodolfomartino.com.br\/blog\/wp-json\/wp\/v2\/posts\/11788","targetHints":{"allow":["GET"]}}],"collection":[{"href":"http:\/\/rodolfomartino.com.br\/blog\/wp-json\/wp\/v2\/posts"}],"about":[{"href":"http:\/\/rodolfomartino.com.br\/blog\/wp-json\/wp\/v2\/types\/post"}],"author":[{"embeddable":true,"href":"http:\/\/rodolfomartino.com.br\/blog\/wp-json\/wp\/v2\/users\/1"}],"replies":[{"embeddable":true,"href":"http:\/\/rodolfomartino.com.br\/blog\/wp-json\/wp\/v2\/comments?post=11788"}],"version-history":[{"count":1,"href":"http:\/\/rodolfomartino.com.br\/blog\/wp-json\/wp\/v2\/posts\/11788\/revisions"}],"predecessor-version":[{"id":16189,"href":"http:\/\/rodolfomartino.com.br\/blog\/wp-json\/wp\/v2\/posts\/11788\/revisions\/16189"}],"wp:attachment":[{"href":"http:\/\/rodolfomartino.com.br\/blog\/wp-json\/wp\/v2\/media?parent=11788"}],"wp:term":[{"taxonomy":"category","embeddable":true,"href":"http:\/\/rodolfomartino.com.br\/blog\/wp-json\/wp\/v2\/categories?post=11788"},{"taxonomy":"post_tag","embeddable":true,"href":"http:\/\/rodolfomartino.com.br\/blog\/wp-json\/wp\/v2\/tags?post=11788"}],"curies":[{"name":"wp","href":"https:\/\/api.w.org\/{rel}","templated":true}]}}