{"id":11790,"date":"2010-11-28T00:00:00","date_gmt":"2010-11-28T00:00:00","guid":{"rendered":""},"modified":"2017-09-15T19:33:29","modified_gmt":"2017-09-15T19:33:29","slug":"politica-e-futebol","status":"publish","type":"post","link":"http:\/\/rodolfomartino.com.br\/blog\/politica-e-futebol\/","title":{"rendered":"Pol\u00edtica e futebol"},"content":{"rendered":"<p>&#8212; Prof. Belluzo, o senhor considera que pol\u00edtica e futebol t\u00eam rela\u00e7\u00e3o?<\/p>\n<p>&#8212; Ah, existe! O Arist\u00f3teles j\u00e1 tinha definido o homem como um animal pol\u00edtico. Ent\u00e3o, a ideia de que voc\u00ea possa colocar [o futebol] fora da pol\u00edtica \u00e9 inteiramente equivocada. A pol\u00edtica \u00e9 o \u00e2mbito onde se deveria exercer o anseio da liberdade. N\u00e3o \u00e9 na economia porque a economia \u00e9 uma coisa desp\u00f3tica. Mas, na pol\u00edtica, sim. \u00c9 esse exerc\u00edcio, a pol\u00edtica, \u00e9 o que, por exemplo, estamos fazendo agora. N\u00f3s estamos tentando convencer as pessoas de alguma coisa. O futebol tem uma dimens\u00e3o pol\u00edtica ineg\u00e1vel. N\u00f3s podemos avan\u00e7ar no modo de voc\u00ea lidar com a massa. O futebol, na sociedade de massa, tem um peso pol\u00edtico enorme e \u00e9 utilizado assim como forma de manipula\u00e7\u00e3o tamb\u00e9m. (&#8230;) H\u00e1 um livro muito importante de dois fil\u00f3sofos chamado \u201cFutebol, esta peste emocional\u201d, que mostra como nessa sociedade de massa, a liga\u00e7\u00e3o da m\u00eddia com o futebol e o espet\u00e1culo pode se muito negativa.<\/p>\n<p>Trecho do livro reportagem \u201cPol\u00edtica e Futebol \u2013 A converg\u00eancia de dois mundos\u201d, de autoria de Daniela Teixeira, Gabriela Manzini, Maria Eug\u00eania Cruz e Tha\u00eds Sabatini. Trata-se de um trabalho de conclus\u00e3o do curso de jornalismo da Universidade Metodista de S\u00e3o Paulo e ser\u00e1 defendido amanh\u00e3 em banca que ter\u00e1 a participa\u00e7\u00e3o, como avaliadores, do professor Eduardo Grossi e do jornalista Paulo de Andrade, da ESPN Brasil. Estarei presidindo a banca examinadora por ser o orientador das garotas. <\/p>\n<p>Por tudo o que estamos vendo nesses dias, n\u00e3o h\u00e1 como negar: o tema \u00e9 dos mais atuais.<\/p>\n<p>Parab\u00e9ns a elas, pelo belo trabalho e pelo apurado faro jornal\u00edstico.<\/p>\n","protected":false},"excerpt":{"rendered":"<p>&#8212; Prof. Belluzo, o senhor considera que pol\u00edtica e futebol t\u00eam rela\u00e7\u00e3o?<\/p>\n<p>&#8212; Ah, existe! O Arist\u00f3teles j\u00e1 tinha definido o homem como um animal pol\u00edtico. Ent\u00e3o, a ideia de que voc\u00ea possa colocar [o futebol] fora da pol\u00edtica \u00e9 inteiramente equivocada.<\/p>\n","protected":false},"author":1,"featured_media":0,"comment_status":"closed","ping_status":"open","sticky":false,"template":"","format":"standard","meta":{"_exactmetrics_skip_tracking":false,"_uf_show_specific_survey":0,"_uf_disable_surveys":false,"footnotes":""},"categories":[5],"tags":[],"class_list":["post-11790","post","type-post","status-publish","format-standard","hentry","category-blog"],"_links":{"self":[{"href":"http:\/\/rodolfomartino.com.br\/blog\/wp-json\/wp\/v2\/posts\/11790","targetHints":{"allow":["GET"]}}],"collection":[{"href":"http:\/\/rodolfomartino.com.br\/blog\/wp-json\/wp\/v2\/posts"}],"about":[{"href":"http:\/\/rodolfomartino.com.br\/blog\/wp-json\/wp\/v2\/types\/post"}],"author":[{"embeddable":true,"href":"http:\/\/rodolfomartino.com.br\/blog\/wp-json\/wp\/v2\/users\/1"}],"replies":[{"embeddable":true,"href":"http:\/\/rodolfomartino.com.br\/blog\/wp-json\/wp\/v2\/comments?post=11790"}],"version-history":[{"count":1,"href":"http:\/\/rodolfomartino.com.br\/blog\/wp-json\/wp\/v2\/posts\/11790\/revisions"}],"predecessor-version":[{"id":16187,"href":"http:\/\/rodolfomartino.com.br\/blog\/wp-json\/wp\/v2\/posts\/11790\/revisions\/16187"}],"wp:attachment":[{"href":"http:\/\/rodolfomartino.com.br\/blog\/wp-json\/wp\/v2\/media?parent=11790"}],"wp:term":[{"taxonomy":"category","embeddable":true,"href":"http:\/\/rodolfomartino.com.br\/blog\/wp-json\/wp\/v2\/categories?post=11790"},{"taxonomy":"post_tag","embeddable":true,"href":"http:\/\/rodolfomartino.com.br\/blog\/wp-json\/wp\/v2\/tags?post=11790"}],"curies":[{"name":"wp","href":"https:\/\/api.w.org\/{rel}","templated":true}]}}