{"id":11791,"date":"2010-11-29T00:00:00","date_gmt":"2010-11-29T00:00:00","guid":{"rendered":""},"modified":"2017-09-15T19:33:29","modified_gmt":"2017-09-15T19:33:29","slug":"aos-meus-amaveis-leitores","status":"publish","type":"post","link":"http:\/\/rodolfomartino.com.br\/blog\/aos-meus-amaveis-leitores\/","title":{"rendered":"Aos meus am\u00e1veis leitores"},"content":{"rendered":"<p>Deu no Boletim Digital, \u00f3rg\u00e3o de circula\u00e7\u00e3o interna do Instituto Metodista de Ensino Superior, de 29 de novembro a 6 de dezembro.<\/p>\n<p>DOCENTE LAN\u00c7A OBRA NA LIVRARIA CULTURA<\/p>\n<p>O professor e coordenador do curso de Jornalismo da Universidade Metodista de S\u00e3o Paulo, Rodolfo Martino, lan\u00e7a seu segundo livro Meus Caros Amigos &#8211; Cr\u00f4nicas sobre jornalistas, bo\u00eamios e paix\u00f5es, na Livraria Cultura, dia 4 de dezembro (s\u00e1bado) \u00e0s 15h.<\/p>\n<p>O livro re\u00fane hist\u00f3rias das reda\u00e7\u00f5es pelas quais trabalhou e tamb\u00e9m uma homenagem aos amigos que compartilhou sonhos, decep\u00e7\u00f5es e o dia a dia da carreira. <\/p>\n<p>\u201cFaz 13 anos que publiquei meu primeiro e, at\u00e9 ent\u00e3o, \u00fanico livro, \u201c\u00c0s Margens Pl\u00e1cidas do Ipiranga\u201d, que, como preconizou o t\u00edtulo, n\u00e3o me levou muito al\u00e9m dos limites do bairro hist\u00f3rico, ao qual devo muito do que sou como jornalista e cidad\u00e3o. Mas essa \u00e9 outra hist\u00f3ria que, por sinal, gostei de escrever e, principalmente, viv\u00ea-la t\u00e3o intensamente ao lado de bons amigos\u201d, conta. <\/p>\n<p>Segundo o professor a diferen\u00e7a entre os livros \u00e9 bem grande, no primeiro ele reunia os textos jornal\u00edsticos que foram publicados em diversos ve\u00edculos durante seus primeiros 20 anos de carreira. J\u00e1 no atual, a obra relata os bastidores da vida e sonhos de jornalista.<\/p>\n<p>O professor Rodolfo Carlos Martino \u00e9 jornalista formado pela Escola de Comunica\u00e7\u00f5es e Artes da Universidade S\u00e3o Paulo (USP) e mestre em Comunica\u00e7\u00e3o Social. D\u00e1 aula na Metodista e \u00e9 coordenador do curso de jornalismo desde 2005. <\/p>\n<p>Local: Livraria Cultura<br \/>\nEndere\u00e7o: Shopping Villa-Lobos &#8211; Av. Na\u00e7\u00f5es Unidas, 4777 &#8211; Jardim Universidade Pinheiros &#8211; S\u00e3o Paulo\/SP<br \/>\nTel.: (11) 3024- 3599<\/p>\n<p>\u2022 O convite \u00e9 extensivo aos meus am\u00e1veis cinco ou seis leitores. Apare\u00e7am!<\/p>\n","protected":false},"excerpt":{"rendered":"<p>Deu no Boletim Digital, \u00f3rg\u00e3o de circula\u00e7\u00e3o interna do Instituto Metodista de Ensino Superior, de 29 de novembro a 6 de dezembro.<\/p>\n<p>DOCENTE LAN\u00c7A OBRA NA LIVRARIA CULTURA<\/p>\n<p>O professor e coordenador do curso de Jornalismo da Universidade Metodista de S\u00e3o Paulo,<\/p>\n","protected":false},"author":1,"featured_media":0,"comment_status":"closed","ping_status":"open","sticky":false,"template":"","format":"standard","meta":{"_exactmetrics_skip_tracking":false,"_uf_show_specific_survey":0,"_uf_disable_surveys":false,"footnotes":""},"categories":[5],"tags":[],"class_list":["post-11791","post","type-post","status-publish","format-standard","hentry","category-blog"],"_links":{"self":[{"href":"http:\/\/rodolfomartino.com.br\/blog\/wp-json\/wp\/v2\/posts\/11791","targetHints":{"allow":["GET"]}}],"collection":[{"href":"http:\/\/rodolfomartino.com.br\/blog\/wp-json\/wp\/v2\/posts"}],"about":[{"href":"http:\/\/rodolfomartino.com.br\/blog\/wp-json\/wp\/v2\/types\/post"}],"author":[{"embeddable":true,"href":"http:\/\/rodolfomartino.com.br\/blog\/wp-json\/wp\/v2\/users\/1"}],"replies":[{"embeddable":true,"href":"http:\/\/rodolfomartino.com.br\/blog\/wp-json\/wp\/v2\/comments?post=11791"}],"version-history":[{"count":1,"href":"http:\/\/rodolfomartino.com.br\/blog\/wp-json\/wp\/v2\/posts\/11791\/revisions"}],"predecessor-version":[{"id":16186,"href":"http:\/\/rodolfomartino.com.br\/blog\/wp-json\/wp\/v2\/posts\/11791\/revisions\/16186"}],"wp:attachment":[{"href":"http:\/\/rodolfomartino.com.br\/blog\/wp-json\/wp\/v2\/media?parent=11791"}],"wp:term":[{"taxonomy":"category","embeddable":true,"href":"http:\/\/rodolfomartino.com.br\/blog\/wp-json\/wp\/v2\/categories?post=11791"},{"taxonomy":"post_tag","embeddable":true,"href":"http:\/\/rodolfomartino.com.br\/blog\/wp-json\/wp\/v2\/tags?post=11791"}],"curies":[{"name":"wp","href":"https:\/\/api.w.org\/{rel}","templated":true}]}}