{"id":11792,"date":"2010-11-30T00:00:00","date_gmt":"2010-11-30T00:00:00","guid":{"rendered":""},"modified":"2017-09-15T19:33:29","modified_gmt":"2017-09-15T19:33:29","slug":"agora-e-com-elas","status":"publish","type":"post","link":"http:\/\/rodolfomartino.com.br\/blog\/agora-e-com-elas\/","title":{"rendered":"Agora \u00e9 com elas"},"content":{"rendered":"<p>Na inf\u00e2ncia, o primeiro contato com o esporte foi aos cinco anos. O pai, Alves Teixeira, era locutor de futebol na R\u00e1dio Bandeirantes \u2013 e a m\u00e3e fazia quest\u00e3o de levar as filhas ao est\u00e1dio para ver o pai trabalhar. Encostada no alambrado do Pacaembu, a menina j\u00e1 fazia os primeiros questionamentos:<\/p>\n<p>&#8212; Aqui, n\u00e3o \u00e9 coberto. Eu n\u00e3o gosto de tomar chuva.<\/p>\n<p>Mal sabia ela que aquele contato com o futebol, antes uma obriga\u00e7\u00e3o familiar, se tornaria quase di\u00e1rio no restante de sua vida. <\/p>\n<p>Na hora de escolher uma profiss\u00e3o, por\u00e9m, n\u00e3o foi o futebol que falou mais alto. Ela escolheu fazer a Faculdade de Direito da Universidade de S\u00e3o Paulo e estava decidida a conviver com advogados e ju\u00edzes. S\u00f3 que o destino a pegou de surpresa e, assim que se formou, em 1963, aos 26 anos, recebeu um convite do jornalista Geraldo Bretas para trabalhar como cronista no jornal A Gazeta Esportiva.<\/p>\n<p>&#8211; Mesmo sem saber nada do jornalismo, eu aceitei. Meu pai n\u00e3o me impediu, mas imp\u00f4s uma condi\u00e7\u00e3o: que eu n\u00e3o me envolvesse com jogadores.<\/p>\n<p>*Depoimento de Semiramis Alves Teixeira, a primeira jornalista mulher a trabalhar com esportes no Brasil. A trajet\u00f3ria dessa pioneira e de mais nove mulheres que trabalham com futebol \u2013 Regiani Ritter, S\u00edlvia Vinhas, Denise Mir\u00e1s, Soninha Francine, Mar\u00edlia Ruiz, Renata Fan, Joanna de Assis, Renata Cuppen e Natalie Gendra \u2013 est\u00e1 no livro reportagem \u201cAgora \u00c9 Com Elas\u201d, de autoria de Daniele Caldeira, D\u00e9bora Alfano, J\u00falia Rodrigues e Paula Ramos. O livro \u00e9 um trabalho de Conclus\u00e3o do Curso de Jornalismo da Faculdade de Comunica\u00e7\u00e3o da Universidade Metodista de S\u00e3o Paulo. Foi apresentado e aprovado hoje em banca. <\/p>\n<p>Parab\u00e9ns \u00e0s autoras, jovens jornalistas.<\/p>\n","protected":false},"excerpt":{"rendered":"<p>Na inf\u00e2ncia, o primeiro contato com o esporte foi aos cinco anos. O pai, Alves Teixeira, era locutor de futebol na R\u00e1dio Bandeirantes \u2013 e a m\u00e3e fazia quest\u00e3o de levar as filhas ao est\u00e1dio para ver o pai trabalhar.<\/p>\n","protected":false},"author":1,"featured_media":0,"comment_status":"closed","ping_status":"open","sticky":false,"template":"","format":"standard","meta":{"_exactmetrics_skip_tracking":false,"_uf_show_specific_survey":0,"_uf_disable_surveys":false,"footnotes":""},"categories":[5],"tags":[],"class_list":["post-11792","post","type-post","status-publish","format-standard","hentry","category-blog"],"_links":{"self":[{"href":"http:\/\/rodolfomartino.com.br\/blog\/wp-json\/wp\/v2\/posts\/11792","targetHints":{"allow":["GET"]}}],"collection":[{"href":"http:\/\/rodolfomartino.com.br\/blog\/wp-json\/wp\/v2\/posts"}],"about":[{"href":"http:\/\/rodolfomartino.com.br\/blog\/wp-json\/wp\/v2\/types\/post"}],"author":[{"embeddable":true,"href":"http:\/\/rodolfomartino.com.br\/blog\/wp-json\/wp\/v2\/users\/1"}],"replies":[{"embeddable":true,"href":"http:\/\/rodolfomartino.com.br\/blog\/wp-json\/wp\/v2\/comments?post=11792"}],"version-history":[{"count":1,"href":"http:\/\/rodolfomartino.com.br\/blog\/wp-json\/wp\/v2\/posts\/11792\/revisions"}],"predecessor-version":[{"id":16185,"href":"http:\/\/rodolfomartino.com.br\/blog\/wp-json\/wp\/v2\/posts\/11792\/revisions\/16185"}],"wp:attachment":[{"href":"http:\/\/rodolfomartino.com.br\/blog\/wp-json\/wp\/v2\/media?parent=11792"}],"wp:term":[{"taxonomy":"category","embeddable":true,"href":"http:\/\/rodolfomartino.com.br\/blog\/wp-json\/wp\/v2\/categories?post=11792"},{"taxonomy":"post_tag","embeddable":true,"href":"http:\/\/rodolfomartino.com.br\/blog\/wp-json\/wp\/v2\/tags?post=11792"}],"curies":[{"name":"wp","href":"https:\/\/api.w.org\/{rel}","templated":true}]}}