{"id":11793,"date":"2010-12-01T00:00:00","date_gmt":"2010-12-01T00:00:00","guid":{"rendered":""},"modified":"2017-09-15T19:33:29","modified_gmt":"2017-09-15T19:33:29","slug":"veronica-esta-feliz","status":"publish","type":"post","link":"http:\/\/rodolfomartino.com.br\/blog\/veronica-esta-feliz\/","title":{"rendered":"Ver\u00f2nica est\u00e1 feliz"},"content":{"rendered":"<p>H\u00e1 tempos conhe\u00e7o a professora doutora Ver\u00f2nica Aravena Cortez.<\/p>\n<p>Ela \u00e9 minha colega, aqui, no curso de Jornalismo da Universidade Metodista.<\/p>\n<p>Confesso nunca a vi t\u00e3o feliz.<\/p>\n<p>Pude ver o tamanho desse contentamento ontem ao encontr\u00e1-la na solenidade de lan\u00e7amento do livro \u201cMem\u00f3ria Social \u2013 Chilena T\u00fa Eres Parte, No Te Quedes Aparte\u201d, que re\u00fane relatos existenciais de mulheres chilenas que vivem fora de seu pa\u00eds \u2013 a maior parte delas em S\u00e3o Paulo.<\/p>\n<p>Trata-se, pois, de um projeto de constru\u00e7\u00e3o coletiva, inspirado na tese de doutorado da professora Ver\u00f2nica Aravena Cortez, com o respaldo da ONG Presen\u00e7a da Am\u00e9rica Latina. <\/p>\n<p>Ela e Oriana Jara coordenaram as reuni\u00f5es semanais e a coleta dos relatos que compuseram o entrecho do livro. Na apresenta\u00e7\u00e3o, aparecem como organizadoras da obra, que dedicam \u00e0 Mich\u00e8le Bachelet Jeria, M\u00f3nica Allende Serra, Al\u00edcia Del Valle y Cec\u00edlia Gallardo Neira \u201ce a todas as mulheres imigrantes que, como n\u00f3s, souberam trilhar caminhos, abrir veredas e dizer que sim ou que n\u00e3o.\u201d<\/p>\n<p>A cerim\u00f4nia aconteceu no bel\u00edssimo Espa\u00e7o Cervantes, na avenida Paulista. <\/p>\n<p>O trabalho, bom que se diga, transcende o mero registro documental; \u00e9 tocado \u00e0 pura sensibilidade.<\/p>\n<p>Parab\u00e9ns a todos os participantes.<\/p>\n<p>Durante a cerim\u00f4nia, Mich\u00e8le Bachelet foi citada v\u00e1rias vezes. Em uma dessas falas, lembraram a s\u00e1bia coloca\u00e7\u00e3o da ex-presidente do Chile:<\/p>\n<p>\u201cQuando uma mulher faz pol\u00edtica, a pr\u00f3pria mulher se transforma. Quando v\u00e1rias mulheres fazem pol\u00edtica, transforma-se toda a sociedade\u201d.<\/p>\n<p>Bons aug\u00farios para um pa\u00eds que espera ansioso a posse de sua primeira presidente do sexo feminino.<\/p>\n<p>Por falar em aug\u00farios, que sensa\u00e7\u00e3o boa ver uma amiga t\u00e3o pr\u00f3xima viver um momento t\u00e3o pleno, t\u00e3o harmonioso. <\/p>\n<p>Ali\u00e1s, creio que vale fazer um reparo: n\u00e3o era apenas a amiga Ver\u00f2nica que estava feliz. <\/p>\n<p>Todos ali transbordavam felicidade \u2013 e um justific\u00e1vel orgulho da condi\u00e7\u00e3o latina, em um reduto por excel\u00eancia hisp\u00e2nico, localizado na avenida que \u00e9 o cora\u00e7\u00e3o da maior cidade do Brasil.<\/p>\n","protected":false},"excerpt":{"rendered":"<p>H\u00e1 tempos conhe\u00e7o a professora doutora Ver\u00f2nica Aravena Cortez.<\/p>\n<p>Ela \u00e9 minha colega, aqui, no curso de Jornalismo da Universidade Metodista.<\/p>\n<p>Confesso nunca a vi t\u00e3o feliz.<\/p>\n","protected":false},"author":1,"featured_media":0,"comment_status":"closed","ping_status":"open","sticky":false,"template":"","format":"standard","meta":{"_exactmetrics_skip_tracking":false,"_uf_show_specific_survey":0,"_uf_disable_surveys":false,"footnotes":""},"categories":[5],"tags":[],"class_list":["post-11793","post","type-post","status-publish","format-standard","hentry","category-blog"],"_links":{"self":[{"href":"http:\/\/rodolfomartino.com.br\/blog\/wp-json\/wp\/v2\/posts\/11793","targetHints":{"allow":["GET"]}}],"collection":[{"href":"http:\/\/rodolfomartino.com.br\/blog\/wp-json\/wp\/v2\/posts"}],"about":[{"href":"http:\/\/rodolfomartino.com.br\/blog\/wp-json\/wp\/v2\/types\/post"}],"author":[{"embeddable":true,"href":"http:\/\/rodolfomartino.com.br\/blog\/wp-json\/wp\/v2\/users\/1"}],"replies":[{"embeddable":true,"href":"http:\/\/rodolfomartino.com.br\/blog\/wp-json\/wp\/v2\/comments?post=11793"}],"version-history":[{"count":1,"href":"http:\/\/rodolfomartino.com.br\/blog\/wp-json\/wp\/v2\/posts\/11793\/revisions"}],"predecessor-version":[{"id":16184,"href":"http:\/\/rodolfomartino.com.br\/blog\/wp-json\/wp\/v2\/posts\/11793\/revisions\/16184"}],"wp:attachment":[{"href":"http:\/\/rodolfomartino.com.br\/blog\/wp-json\/wp\/v2\/media?parent=11793"}],"wp:term":[{"taxonomy":"category","embeddable":true,"href":"http:\/\/rodolfomartino.com.br\/blog\/wp-json\/wp\/v2\/categories?post=11793"},{"taxonomy":"post_tag","embeddable":true,"href":"http:\/\/rodolfomartino.com.br\/blog\/wp-json\/wp\/v2\/tags?post=11793"}],"curies":[{"name":"wp","href":"https:\/\/api.w.org\/{rel}","templated":true}]}}