{"id":11796,"date":"2010-12-05T00:00:00","date_gmt":"2010-12-05T00:00:00","guid":{"rendered":""},"modified":"2017-09-15T19:33:28","modified_gmt":"2017-09-15T19:33:28","slug":"aos-meus-caros-e-grandes-amigos","status":"publish","type":"post","link":"http:\/\/rodolfomartino.com.br\/blog\/aos-meus-caros-e-grandes-amigos\/","title":{"rendered":"Aos meus caros e grandes amigos"},"content":{"rendered":"<p>Passei dos 20 sem nada saber da vida e dos amores.<\/p>\n<p>Nem de longe acreditava que a amizade fosse o mais nobre dos sentimentos. Onde o amor em sua forma plena se cristaliza, e reluz.<\/p>\n<p>Mesmo assim, aos 30, ganhei uma festa surpresa na reda\u00e7\u00e3o do jornal em que trabalhava. Daquelas que voc\u00ea nem imagina que est\u00e3o armando. Um pouco antes, algu\u00e9m lhe convida para um caf\u00e9 na padaria e l\u00e1 fica enrolando, enrolando&#8230; at\u00e9 que chega outro, na maior cara de mau, e d\u00e1 o toque: <\/p>\n<p>&#8211; E a\u00ed n\u00e3o v\u00e3o mais trabalhar hoje?<\/p>\n<p>Preciso dizer?<\/p>\n<p>Quando voltei \u00e0 reda\u00e7\u00e3o, a trempa toda reunida ao redor de um bolo a cantar \u201cParab\u00e9ns a Voc\u00ea\u201d. A reda\u00e7\u00e3o enfeitada \u2013 pasmem! \u2013  com bixigas coloridas &#8211; e  eu ali abestalhado, sem acreditar exatamente no que estava acontecendo (e a supor que o 4 de dezembro passaria em branco). Ainda tive que improvisar um discurso de agradecimento que, a cada palavra que eu tentava dizer, era interrompido por uma nova cantoria da dita musiquinha.<\/p>\n<p>Ganhei do Nasci, mestre, guru e gozador-mor, um mascote do Palmeiras que o tempo, por conta e risco das ilus\u00f5es tidas e havidas, fez quest\u00e3o de esverdear.<\/p>\n<p>Inesquec\u00edvel (2)<\/p>\n<p>Aos 40, n\u00e3o lembro bem o que aconteceu. Continuava sem desvendar os tais mist\u00e9rios da vida e dos amores. Andava destro\u00e7ado por uma aventura de cunho pol\u00edtico e entristecido pela morte do meu sobrinho J\u00fanior algumas semanas antes do anivers\u00e1rio.<\/p>\n<p>N\u00e3o havia clima. <\/p>\n<p>Acho que comemoramos em casa, coisa discreta.<\/p>\n<p>N\u00e3o me animei sequer com a lengalenga que a dita-cuja vida come\u00e7a exatamente a\u00ed, aos 40.<\/p>\n<p>Inesquec\u00edvel (3)<\/p>\n<p>Aos 50, andava assoberbado de metas urgentes a serem alcan\u00e7adas. Me parecia ter tanto e tanto caminhado \u2013 e de repente estava, ali, onde sempre estive \u2013 no mesmo lugar. Passei o dia 4 de dezembro inteiro \u2013 manh\u00e3, tarde, noite e parte da madrugada \u2013 escrevendo a disserta\u00e7\u00e3o de mestrado \u201cMuseu do Ipiranga \u2013 A Nova Imagem de Uma Institui\u00e7\u00e3o Centen\u00e1ria\u201d.<\/p>\n<p>Foi um sufoco!<\/p>\n<p>Da\u00ed 7 era o prazo final \u2013 e fatal &#8211; para a entrega do catatau de quase 200 p\u00e1ginas \u2013 e eu, como de h\u00e1bito, deixara tudo para a \u00faltima hora.<\/p>\n<p>Aproveitei o estilo de Carlos Heitor Cony em Pessach \u2013 A Travessia para escrever a introdu\u00e7\u00e3o do trabalho assim como ele iniciou o livro famoso:<\/p>\n<p>\u201c4 de dezembro de 2000. Completo hoje 50 anos e, diante do pequeno computador, vou come\u00e7ar a en\u00e9sima leitura da disserta\u00e7\u00e3o de mestrado. A express\u00e3o de admira\u00e7\u00e3o  do personagem M\u00e1rio Ruoppolo, o carteiro do filme de Il Postino, vencedor do Oscar de melhor trilha sonora drama de 96, surge-me emblem\u00e1tica:<\/p>\n<p> \u2018Mas eu me sinto assim como um barco num mar de palavras.\u2019<\/p>\n<p>Tamb\u00e9m me sinto assim diante do imensur\u00e1vel desafio de escrever sobre os compromissos da Comunica\u00e7\u00e3o e da Ci\u00eancia neste fim de s\u00e9culo, sem deixar de acreditar no sonho, de me encantar com as eventuais descobertas, sem perder a esperan\u00e7a no amanh\u00e3.\u201d<\/p>\n<p>O amanh\u00e3 que ontem chegou&#8230;<\/p>\n<p>Inesquec\u00edvel (4)<\/p>\n<p>Ontem (n\u00e3o contei, mas me disseram) quase uma centena de amigos veio me encontrar na Livraria Cultura do Shopping Villa Lobos. Foi l\u00e1 que celebrei os 60 anos e aproveitei para fazer o lan\u00e7amento oficial do livro Meus Caros Amigos \u2013 Cr\u00f4nicas Sobre Jornalistas, Bo\u00eamios e Paix\u00f5es, que anda h\u00e1 alguns meses pelos blogs, becos e bocas dos meus chegados.<\/p>\n<p>Fiquei abestalhado de rever a todos. De ouvir e lembrar velhas e curtidas hist\u00f3rias que vivemos \u2013 algumas das quais retrato no livro; com todo respeito, \u00e9 claro. <\/p>\n<p>Alguns trouxeram os filhos novos e o carinho antigo (ambos lind\u00edssimos, e sempre promissores). Outros trocaram emails, n\u00fameros de celular (\u00f4 modernidade!) e as lembran\u00e7as dos tempos em que n\u00e3o \u00e9ramos distantes.<\/p>\n<p>Todos \u2018matamos\u2019 a saudade e renovamos a promessa sincera (por\u00e9m, escorregadia) de n\u00e3o nos perdemos mais.<\/p>\n<p>Sorrimos \u2013 e como \u00e9 bom e dif\u00edcil sorrir nos tempos atuais \u2013  como se hiato de tempo nunca houvesse existido.<\/p>\n<p>Fizemos um pacto silencioso, inclusive com aqueles que n\u00e3o puderam aparecer, de preservar nosso olhar parceiro e desbravador para o novo amanh\u00e3 que vir\u00e1.<\/p>\n<p>Um novo amanh\u00e3 que, l\u00e1 na frente, ser\u00e1 ontem \u2013 como aquele amanh\u00e3 de dez anos atr\u00e1s que ontem foi \u2013 e certamente o novo amanh\u00e3 novo nos surpreender\u00e1 juntos, e sonhadores, como sempre fomos, e seremos.<\/p>\n<p>Algu\u00e9m disse \u2013 n\u00e3o vou citar o nome, pois fica como legado de todos n\u00f3s \u2013 que podemos continuar sem entender a vida e os amores, mas fomos agraciados, sim, com as b\u00ean\u00e7\u00e3os e a luz de uma grande amizade.<\/p>\n","protected":false},"excerpt":{"rendered":"<p>Passei dos 20 sem nada saber da vida e dos amores.<\/p>\n<p>Nem de longe acreditava que a amizade fosse o mais nobre dos sentimentos. Onde o amor em sua forma plena se cristaliza,<\/p>\n","protected":false},"author":1,"featured_media":0,"comment_status":"closed","ping_status":"open","sticky":false,"template":"","format":"standard","meta":{"_exactmetrics_skip_tracking":false,"_uf_show_specific_survey":0,"_uf_disable_surveys":false,"footnotes":""},"categories":[5],"tags":[],"class_list":["post-11796","post","type-post","status-publish","format-standard","hentry","category-blog"],"_links":{"self":[{"href":"http:\/\/rodolfomartino.com.br\/blog\/wp-json\/wp\/v2\/posts\/11796","targetHints":{"allow":["GET"]}}],"collection":[{"href":"http:\/\/rodolfomartino.com.br\/blog\/wp-json\/wp\/v2\/posts"}],"about":[{"href":"http:\/\/rodolfomartino.com.br\/blog\/wp-json\/wp\/v2\/types\/post"}],"author":[{"embeddable":true,"href":"http:\/\/rodolfomartino.com.br\/blog\/wp-json\/wp\/v2\/users\/1"}],"replies":[{"embeddable":true,"href":"http:\/\/rodolfomartino.com.br\/blog\/wp-json\/wp\/v2\/comments?post=11796"}],"version-history":[{"count":1,"href":"http:\/\/rodolfomartino.com.br\/blog\/wp-json\/wp\/v2\/posts\/11796\/revisions"}],"predecessor-version":[{"id":16181,"href":"http:\/\/rodolfomartino.com.br\/blog\/wp-json\/wp\/v2\/posts\/11796\/revisions\/16181"}],"wp:attachment":[{"href":"http:\/\/rodolfomartino.com.br\/blog\/wp-json\/wp\/v2\/media?parent=11796"}],"wp:term":[{"taxonomy":"category","embeddable":true,"href":"http:\/\/rodolfomartino.com.br\/blog\/wp-json\/wp\/v2\/categories?post=11796"},{"taxonomy":"post_tag","embeddable":true,"href":"http:\/\/rodolfomartino.com.br\/blog\/wp-json\/wp\/v2\/tags?post=11796"}],"curies":[{"name":"wp","href":"https:\/\/api.w.org\/{rel}","templated":true}]}}