{"id":11797,"date":"2010-12-07T00:00:00","date_gmt":"2010-12-07T00:00:00","guid":{"rendered":""},"modified":"2017-09-15T19:33:28","modified_gmt":"2017-09-15T19:33:28","slug":"o-blogueiro-que-sumiu","status":"publish","type":"post","link":"http:\/\/rodolfomartino.com.br\/blog\/o-blogueiro-que-sumiu\/","title":{"rendered":"O blogueiro que sumiu&#8230;"},"content":{"rendered":"<p>O blogueiro ontem n\u00e3o deu as caras por aqui.<\/p>\n<p>Ele que na quinta passada baqueou e sumiu vitimado por uma virose das brabas teve agora um bom motivo para faltar.<\/p>\n<p>Sei que o tal \u00e9 um gazeteiro por gosto e tradi\u00e7\u00e3o (trabalhou 28 anos em Gazeta do Ipiranga).<\/p>\n<p>Mas antes que venha a reprimenda ou a comemora\u00e7\u00e3o de alguns (h\u00e1 quem preferiria que o blogueiro sumisse de vez), apresento-lhes a explica\u00e7\u00e3o.<\/p>\n<p>Dadas as emo\u00e7\u00f5es de s\u00e1bado que inspiraram o longo post de domingo, o escrevinhador achou por bem preservar o leitor na segunda e, ele pr\u00f3prio, ficou a degustar as inolvid\u00e1veis emo\u00e7\u00f5es que viveu naquela bela tarde aos rever novos e velhos amigos.<\/p>\n<p>Juntaram-se ali, na Livraria Cultura do belo Shopping Villa Lobos (onde o livro por sinal continua \u00e0 venda), algumas gera\u00e7\u00f5es de camaradas, parceiros e c\u00famplices de tantas e tamanhas aventuras. Algumas registradas no lauto exemplar de Meus Caros Amigos \u2013 Cr\u00f4nicas de Jornalistas, Bo\u00eamios e Paix\u00f5es; quase todas revividas docemente ao serem encontradas aqui neste espa\u00e7o (basta rolar a barra de posts antigos).<\/p>\n<p>O blogueiro ficou todo-todo.<\/p>\n<p>At\u00e9 pensou que fosse um cronista-escritor de verdade.<\/p>\n<p>Por isso, nesses dias, anda pra l\u00e1 e pra c\u00e1, a se chacoalhar feito um c\u00e3o molhado, para ver se pega no tranco \u2013 e volte \u00e0 vida real.<\/p>\n","protected":false},"excerpt":{"rendered":"<p>O blogueiro ontem n\u00e3o deu as caras por aqui.<\/p>\n<p>Ele que na quinta passada baqueou e sumiu vitimado por uma virose das brabas teve agora um bom motivo para faltar.<\/p>\n","protected":false},"author":1,"featured_media":0,"comment_status":"closed","ping_status":"open","sticky":false,"template":"","format":"standard","meta":{"_exactmetrics_skip_tracking":false,"_uf_show_specific_survey":0,"_uf_disable_surveys":false,"footnotes":""},"categories":[5],"tags":[],"class_list":["post-11797","post","type-post","status-publish","format-standard","hentry","category-blog"],"_links":{"self":[{"href":"http:\/\/rodolfomartino.com.br\/blog\/wp-json\/wp\/v2\/posts\/11797","targetHints":{"allow":["GET"]}}],"collection":[{"href":"http:\/\/rodolfomartino.com.br\/blog\/wp-json\/wp\/v2\/posts"}],"about":[{"href":"http:\/\/rodolfomartino.com.br\/blog\/wp-json\/wp\/v2\/types\/post"}],"author":[{"embeddable":true,"href":"http:\/\/rodolfomartino.com.br\/blog\/wp-json\/wp\/v2\/users\/1"}],"replies":[{"embeddable":true,"href":"http:\/\/rodolfomartino.com.br\/blog\/wp-json\/wp\/v2\/comments?post=11797"}],"version-history":[{"count":1,"href":"http:\/\/rodolfomartino.com.br\/blog\/wp-json\/wp\/v2\/posts\/11797\/revisions"}],"predecessor-version":[{"id":16180,"href":"http:\/\/rodolfomartino.com.br\/blog\/wp-json\/wp\/v2\/posts\/11797\/revisions\/16180"}],"wp:attachment":[{"href":"http:\/\/rodolfomartino.com.br\/blog\/wp-json\/wp\/v2\/media?parent=11797"}],"wp:term":[{"taxonomy":"category","embeddable":true,"href":"http:\/\/rodolfomartino.com.br\/blog\/wp-json\/wp\/v2\/categories?post=11797"},{"taxonomy":"post_tag","embeddable":true,"href":"http:\/\/rodolfomartino.com.br\/blog\/wp-json\/wp\/v2\/tags?post=11797"}],"curies":[{"name":"wp","href":"https:\/\/api.w.org\/{rel}","templated":true}]}}