{"id":11798,"date":"2010-12-08T00:00:00","date_gmt":"2010-12-08T00:00:00","guid":{"rendered":""},"modified":"2017-09-15T19:33:28","modified_gmt":"2017-09-15T19:33:28","slug":"dener","status":"publish","type":"post","link":"http:\/\/rodolfomartino.com.br\/blog\/dener\/","title":{"rendered":"Dener"},"content":{"rendered":"<p>Foi um dos mais interessantes trabalho de conclus\u00e3o de curso que orientei neste semestre:<\/p>\n<p>INCONTROL\u00c1VEL \u2013 a vida e a carreira de Dener<\/p>\n<p>O livro-reportagem \u00e9 de autoria dos agora jornalistas (pois, foram aprovados em banca) Arthur Quezada, Bruno Quaresma, Caio Fernandes, Orlando M\u00fcller, Renato Eus\u00e9bio e Raphael Di Cunto. Um bel\u00edssimo projeto que desvenda a trajet\u00f3ria do garoto Dener que encantou os est\u00e1dios e morreu tragicamente em abril de 1994. <\/p>\n<p>O pref\u00e1cio \u00e9 de Andr\u00e9 Kfouri. <\/p>\n<p>Muito interessante tamb\u00e9m a forma como iniciaram cada cap\u00edtulo. Usaram para tanto trechos da cr\u00f4nica do mestre Armando Nogueira, escrita ao saber da morte do craque.<\/p>\n<p>Eu as transcrevo a seguir:<\/p>\n<p>\u201cDe que servem meus p\u00e9s, se Deus nunca<br \/>\nme ensinou a jogar como Dener?\u201d<\/p>\n<p>II.<\/p>\n<p>\u201cTua bola nunca foi a bola dos homens<br \/>\nque \u00e9 meio de vida.<br \/>\nTua bola sempre foi a dos meninos,<br \/>\nque \u00e9 fantasia, apenas.\u201d<\/p>\n<p>III.<\/p>\n<p>\u201cTinha olhos de desenho animado.<br \/>\nRedondinhos.<br \/>\nDuas bolinhas de meia. Levemente tristes.<br \/>\nOlhar de drible.<br \/>\nDissimulado, de quem pressentia<br \/>\num golpe trai\u00e7oeiro da vida\u201d.<\/p>\n<p>IV.<\/p>\n<p>\u201cEle saiu driblando meio mundo.<br \/>\nE foi deixando pelo caminho cinco advers\u00e1rios,<br \/>\nsem pai nem m\u00e3e, batendo cabe\u00e7a com cabe\u00e7a<br \/>\ne trocando as pernas.<\/p>\n<p>V.<\/p>\n<p>\u201cDesde Garrincha, ningu\u00e9m driblou<br \/>\nneste mundo com a gra\u00e7a<br \/>\ne aud\u00e1cia de Dener.\u201d<\/p>\n<p>VI.<\/p>\n<p>\u201cTeu trof\u00e9us, que eu saiba, foram<br \/>\ntodos esculpidos no tempo e no vento.<br \/>\nNa pureza da grama que florescia<br \/>\nde teus dribles. Flor de tantas<br \/>\nrelvas por teus p\u00e9s pisados.\u201d<\/p>\n<p>VII.<\/p>\n<p>A morte silencia os p\u00e9s de Dener.<br \/>\nP\u00e9s pol\u00eamicos.<br \/>\nAngelicais.\u201d<\/p>\n","protected":false},"excerpt":{"rendered":"<p>Foi um dos mais interessantes trabalho de conclus\u00e3o de curso que orientei neste semestre:<\/p>\n<p>INCONTROL\u00c1VEL \u2013 a vida e a carreira de Dener<\/p>\n<p>O livro-reportagem \u00e9 de autoria dos agora jornalistas (pois,<\/p>\n","protected":false},"author":1,"featured_media":0,"comment_status":"closed","ping_status":"open","sticky":false,"template":"","format":"standard","meta":{"_exactmetrics_skip_tracking":false,"_uf_show_specific_survey":0,"_uf_disable_surveys":false,"footnotes":""},"categories":[5],"tags":[],"class_list":["post-11798","post","type-post","status-publish","format-standard","hentry","category-blog"],"_links":{"self":[{"href":"http:\/\/rodolfomartino.com.br\/blog\/wp-json\/wp\/v2\/posts\/11798","targetHints":{"allow":["GET"]}}],"collection":[{"href":"http:\/\/rodolfomartino.com.br\/blog\/wp-json\/wp\/v2\/posts"}],"about":[{"href":"http:\/\/rodolfomartino.com.br\/blog\/wp-json\/wp\/v2\/types\/post"}],"author":[{"embeddable":true,"href":"http:\/\/rodolfomartino.com.br\/blog\/wp-json\/wp\/v2\/users\/1"}],"replies":[{"embeddable":true,"href":"http:\/\/rodolfomartino.com.br\/blog\/wp-json\/wp\/v2\/comments?post=11798"}],"version-history":[{"count":1,"href":"http:\/\/rodolfomartino.com.br\/blog\/wp-json\/wp\/v2\/posts\/11798\/revisions"}],"predecessor-version":[{"id":16179,"href":"http:\/\/rodolfomartino.com.br\/blog\/wp-json\/wp\/v2\/posts\/11798\/revisions\/16179"}],"wp:attachment":[{"href":"http:\/\/rodolfomartino.com.br\/blog\/wp-json\/wp\/v2\/media?parent=11798"}],"wp:term":[{"taxonomy":"category","embeddable":true,"href":"http:\/\/rodolfomartino.com.br\/blog\/wp-json\/wp\/v2\/categories?post=11798"},{"taxonomy":"post_tag","embeddable":true,"href":"http:\/\/rodolfomartino.com.br\/blog\/wp-json\/wp\/v2\/tags?post=11798"}],"curies":[{"name":"wp","href":"https:\/\/api.w.org\/{rel}","templated":true}]}}