{"id":11801,"date":"2010-12-11T00:00:00","date_gmt":"2010-12-11T00:00:00","guid":{"rendered":""},"modified":"2017-09-15T19:33:27","modified_gmt":"2017-09-15T19:33:27","slug":"o-centenario-de-noel-rosa","status":"publish","type":"post","link":"http:\/\/rodolfomartino.com.br\/blog\/o-centenario-de-noel-rosa\/","title":{"rendered":"O centen\u00e1rio de Noel Rosa"},"content":{"rendered":"<p>N\u00e3o guardei tudo o que escrevi, at\u00e9 porque n\u00e3o tenho qualquer voca\u00e7\u00e3o para arquivista, mas vasculhei a caixa de recortes de jornal que tenho e prezo \u2013 e nada encontrei sobre Noel Medeiros Rosa, compositor carioca que exatamente hoje \u2013 11 de dezembro \u2013 completaria 100 anos se vivo fosse.<\/p>\n<p>O nome da fera, por\u00e9m, aparece em cita\u00e7\u00f5es feitas por outros cantores\/compositores que entrevistei \u00e0 \u00e9poca (Jo\u00e3o Nogueira, Martinho da Vila, as mo\u00e7as do Quarteto em Cy, entre outros) ou como fonte de influ\u00eancia em autores como Chico Buarque de Holanda, por exemplo.<\/p>\n<p>L\u00e1 pelas tantas, no coment\u00e1rio que fa\u00e7o sobre o disco Meus Caros Amigos, lan\u00e7ado em 1976, defino Chico como \u201cherdeiro dileto\u201d de Noel.  <\/p>\n<p>Assino, dou f\u00e9 e reitero hoje o coment\u00e1rio.<\/p>\n<p>Em outro texto, comento a s\u00e9rie Gala 79, da Som Livre, que tem um disco inteiramente dedicado a Noel Rosa. Al\u00e9m de listar can\u00e7\u00f5es e int\u00e9rpretes (que inclui entre outras \u201c\u00daltimo Desejo\u201d, \u201cConversa de Botequim\u201d, \u201cFeiti\u00e7o da Vila\u201d, \u201cFeitio de Ora\u00e7\u00e3o\u201d e nomes como Isaurinha Garcia, Araci de Almeida, Ismael Silva e Ciro Monteiro), escrevo que \u201cgrandes nomes da MPB beberam  a se fartar dessa fonte, respons\u00e1vel por dar forma e prest\u00edgio \u00e0 m\u00fasica popular brasileira.\u201d<\/p>\n<p>Nunca fui assim um Noel, mas h\u00e1 que se reconhecer: eu, como cr\u00edtico de mpb, tinha l\u00e1 meu estilo.<\/p>\n<p>Sei que na era em que vivemos onde reina soberano o recorta-e-cola e o Google e o WickLeaks fazem e acontecem, \u00e9 chover no molhado tra\u00e7ar a biografia de Noel. Mesmo assim, tenho uma recomenda\u00e7\u00e3o a fazer: em O Estado de S. Paulo de hoje h\u00e1 uma bel\u00edssima reportagem especial sobre o compositor, inclusive com um texto maneiro bem ao estilo do autor, o compositor de Martinho da Vila. Leiam!<\/p>\n<p>Al\u00e9m do que o centen\u00e1rio \u00e9 mais um bom motivo para ouvir e celebrar Noel Rosa, o eterno Poeta da Vila.<\/p>\n","protected":false},"excerpt":{"rendered":"<p>N\u00e3o guardei tudo o que escrevi, at\u00e9 porque n\u00e3o tenho qualquer voca\u00e7\u00e3o para arquivista, mas vasculhei a caixa de recortes de jornal que tenho e prezo \u2013 e nada encontrei sobre Noel Medeiros Rosa,<\/p>\n","protected":false},"author":1,"featured_media":0,"comment_status":"closed","ping_status":"open","sticky":false,"template":"","format":"standard","meta":{"_exactmetrics_skip_tracking":false,"_uf_show_specific_survey":0,"_uf_disable_surveys":false,"footnotes":""},"categories":[5],"tags":[],"class_list":["post-11801","post","type-post","status-publish","format-standard","hentry","category-blog"],"_links":{"self":[{"href":"http:\/\/rodolfomartino.com.br\/blog\/wp-json\/wp\/v2\/posts\/11801","targetHints":{"allow":["GET"]}}],"collection":[{"href":"http:\/\/rodolfomartino.com.br\/blog\/wp-json\/wp\/v2\/posts"}],"about":[{"href":"http:\/\/rodolfomartino.com.br\/blog\/wp-json\/wp\/v2\/types\/post"}],"author":[{"embeddable":true,"href":"http:\/\/rodolfomartino.com.br\/blog\/wp-json\/wp\/v2\/users\/1"}],"replies":[{"embeddable":true,"href":"http:\/\/rodolfomartino.com.br\/blog\/wp-json\/wp\/v2\/comments?post=11801"}],"version-history":[{"count":1,"href":"http:\/\/rodolfomartino.com.br\/blog\/wp-json\/wp\/v2\/posts\/11801\/revisions"}],"predecessor-version":[{"id":16176,"href":"http:\/\/rodolfomartino.com.br\/blog\/wp-json\/wp\/v2\/posts\/11801\/revisions\/16176"}],"wp:attachment":[{"href":"http:\/\/rodolfomartino.com.br\/blog\/wp-json\/wp\/v2\/media?parent=11801"}],"wp:term":[{"taxonomy":"category","embeddable":true,"href":"http:\/\/rodolfomartino.com.br\/blog\/wp-json\/wp\/v2\/categories?post=11801"},{"taxonomy":"post_tag","embeddable":true,"href":"http:\/\/rodolfomartino.com.br\/blog\/wp-json\/wp\/v2\/tags?post=11801"}],"curies":[{"name":"wp","href":"https:\/\/api.w.org\/{rel}","templated":true}]}}