{"id":11803,"date":"2010-12-13T00:00:00","date_gmt":"2010-12-13T00:00:00","guid":{"rendered":""},"modified":"2017-09-15T19:33:27","modified_gmt":"2017-09-15T19:33:27","slug":"a-cara-do-brasil","status":"publish","type":"post","link":"http:\/\/rodolfomartino.com.br\/blog\/a-cara-do-brasil\/","title":{"rendered":"A cara do Brasil"},"content":{"rendered":"<p>S\u00edlvio Santos completou 80 anos ontem.<\/p>\n<p>O blog iria passar batido pela data, pois s\u00e3o tantas e tamanhas as hist\u00f3rias e \u2013 como diriam os antigos \u2013 est\u00f3rias que marcam a vida do Homem do Ba\u00fa que, imaginei, o que poderia eu acrescentar aos seus feitos e conquistas?<\/p>\n<p>Era moleque ainda quando ouvi, pela primeira vez, falar de um certo S\u00edlvio Santos.<\/p>\n<p>O homem era locutor comercial da R\u00e1dio Nacional de S\u00e3o Paulo e o apresentador do Programa Manoel de Nobrega \u2013 ou seja, o pr\u00f3prio \u2013 o chamava de o Peru Que Fala. <\/p>\n<p>Segundo consta, SS corava de timidez toda vez que deveria enfrentar o microfone para dar o recado; da\u00ed o apelido. Vale dizer que n\u00e3o deveria ser f\u00e1cil mesmo trabalhar no meio de tantas feras que ent\u00e3o compunham o cast ao vivo do programa: Ronald Golias, Carlos Alberto de N\u00f3brega, Canarinho, Roberto Luna, Lana Bittencourt, entre outros.<\/p>\n<p>Dif\u00edcil supor, \u00e0quela altura, que o ex-camel\u00f4 se transformasse no mais importante nome da TV brasileira, o apresentador que melhor entendeu e se etendeu com o ve\u00edculo que mudou a cara do Brasil nos \u00faltimos 50 anos.<\/p>\n<p>S\u00edlvio \u00e9 mesmo um fen\u00f4meno de comunica\u00e7\u00e3o que, a princ\u00edpio, foi desprezado pela \u2018intelig\u00eancia\u2019 nativa. Com passar dos anos, por\u00e9m, consolidou-se como uma verdade inexor\u00e1vel, um cult.<\/p>\n<p>Li nos jornais de ontem que S\u00edlvio estava celebrando seu anivers\u00e1rio nos Estados Unidos, junto aos familiares. Mesmo assim, resolvi dar uma zapeada para conferir a concorr\u00eancia e v\u00ea-lo em a\u00e7\u00e3o, ainda que em programa previamente gravado. <\/p>\n<p>Doming\u00e3o \u00e0 noite na TV \u00e9 triste, mesmo assim encarei firme.<\/p>\n<p>Peguei o finzinho do Fant\u00e1stico, a reportagem do \u2018novo\u2019 filho do Ronaldo na Record, o Mesa Redonda na Gazeta, um filme na Band e o Marcelo Tass, na Cultura, dissertando em tom professoral sobre comunica\u00e7\u00e3o no Caf\u00e9 Filos\u00f3fico. <\/p>\n<p>Enquanto isso, no SBT, S\u00edlvio atirava avi\u00e3ozinho de dinheiro para uma plat\u00e9ia ensandecida.<\/p>\n<p>\u00c9 ou n\u00e3o \u00e9 a cara do Brasil.<\/p>\n","protected":false},"excerpt":{"rendered":"<p>S\u00edlvio Santos completou 80 anos ontem.<\/p>\n<p>O blog iria passar batido pela data, pois s\u00e3o tantas e tamanhas as hist\u00f3rias e \u2013 como diriam os antigos \u2013 est\u00f3rias que marcam a vida do Homem do Ba\u00fa que,<\/p>\n","protected":false},"author":1,"featured_media":0,"comment_status":"closed","ping_status":"open","sticky":false,"template":"","format":"standard","meta":{"_exactmetrics_skip_tracking":false,"_uf_show_specific_survey":0,"_uf_disable_surveys":false,"footnotes":""},"categories":[5],"tags":[],"class_list":["post-11803","post","type-post","status-publish","format-standard","hentry","category-blog"],"_links":{"self":[{"href":"http:\/\/rodolfomartino.com.br\/blog\/wp-json\/wp\/v2\/posts\/11803","targetHints":{"allow":["GET"]}}],"collection":[{"href":"http:\/\/rodolfomartino.com.br\/blog\/wp-json\/wp\/v2\/posts"}],"about":[{"href":"http:\/\/rodolfomartino.com.br\/blog\/wp-json\/wp\/v2\/types\/post"}],"author":[{"embeddable":true,"href":"http:\/\/rodolfomartino.com.br\/blog\/wp-json\/wp\/v2\/users\/1"}],"replies":[{"embeddable":true,"href":"http:\/\/rodolfomartino.com.br\/blog\/wp-json\/wp\/v2\/comments?post=11803"}],"version-history":[{"count":1,"href":"http:\/\/rodolfomartino.com.br\/blog\/wp-json\/wp\/v2\/posts\/11803\/revisions"}],"predecessor-version":[{"id":16174,"href":"http:\/\/rodolfomartino.com.br\/blog\/wp-json\/wp\/v2\/posts\/11803\/revisions\/16174"}],"wp:attachment":[{"href":"http:\/\/rodolfomartino.com.br\/blog\/wp-json\/wp\/v2\/media?parent=11803"}],"wp:term":[{"taxonomy":"category","embeddable":true,"href":"http:\/\/rodolfomartino.com.br\/blog\/wp-json\/wp\/v2\/categories?post=11803"},{"taxonomy":"post_tag","embeddable":true,"href":"http:\/\/rodolfomartino.com.br\/blog\/wp-json\/wp\/v2\/tags?post=11803"}],"curies":[{"name":"wp","href":"https:\/\/api.w.org\/{rel}","templated":true}]}}