{"id":11804,"date":"2010-12-14T00:00:00","date_gmt":"2010-12-14T00:00:00","guid":{"rendered":""},"modified":"2017-09-15T19:33:27","modified_gmt":"2017-09-15T19:33:27","slug":"ser-o-que-se-e","status":"publish","type":"post","link":"http:\/\/rodolfomartino.com.br\/blog\/ser-o-que-se-e\/","title":{"rendered":"Ser o que se \u00e9&#8230;"},"content":{"rendered":"<p>Naquele pequeno vilarejo, entre o sul da Pol\u00f4nia e o oeste da Ucr\u00e2nia, o rabino Meir estava reunido com seus disc\u00edpulos para contar passagens do juda\u00edsmo:<\/p>\n<p>&#8211; Se o Senhor Adonai me perguntar no al\u00e9m: Meir, por que voc\u00ea n\u00e3o se tornou Mois\u00e9s? Direi em resposta: Senhor, sou apenas Meir.<\/p>\n<p>O sol j\u00e1 se escondia por tr\u00e1s das ru\u00ednas. <\/p>\n<p>Como era comum nas tardes daqueles domingos outonais, at\u00e9 o vento silenciara para ouvir a voz do mestre:<\/p>\n<p>&#8211; Se Adonai insistir com o questionamento: Meir, por que voc\u00ea n\u00e3o se tornou Ben Akiba? Responderei da mesma maneira: Senhor, porque sou simplesmente Meir.<\/p>\n<p>Os disc\u00edpulos se entreolharam. Esperavam ansiosos o desfecho de mais uma li\u00e7\u00e3o que o mestre lhes ensinaria.<\/p>\n<p>&#8211; Mas, se o Senhor me perguntar: Meir, por que voc\u00ea n\u00e3o se tornou Meir? Que resposta Lhe darei?<\/p>\n<p>Terminou a frase com um leve sorriso no rosto. Sabia que fora entendido.<\/p>\n<p>Os homens entenderam, ent\u00e3o, que deveriam buscar o melhor de si em vez de se comparar a figuras importantes na hist\u00f3ria do juda\u00edsmo, como Mois\u00e9s e Ben Akiba.<\/p>\n<p>* Hist\u00f3ria retirada do livro-reportagem \u201cDe Her\u00f3i a Vil\u00e3o \u2013 As v\u00e1rias faces das trai\u00e7\u00e3o\u201d, de autoria das jornalistas Adriana Luna, B\u00e1rbara Forte, D\u00e9bora Spitzcovsky, Fernanda Colmenero, Laura Bergamo e Marina Dias. Achei interessante postar essa breve hist\u00f3ria at\u00e9 para consolar os torcedores colorados neste dia de tamanha tristeza. Hoje o Internacional esqueceu de ser Internacional \u2013 e deu no que deu.<\/p>\n<p>* Ilustra\u00e7\u00e3o: Capa do JT no dia seguinte \u00e0 derrota de Sarri\u00e1, na Copa de 82. Aquela, sim, foi tristeza&#8230;<\/p>\n<p>* Foto de Reginaldo Manente<\/p>\n","protected":false},"excerpt":{"rendered":"<p>Naquele pequeno vilarejo, entre o sul da Pol\u00f4nia e o oeste da Ucr\u00e2nia, o rabino Meir estava reunido com seus disc\u00edpulos para contar passagens do juda\u00edsmo:<\/p>\n<p>&#8211; Se o Senhor Adonai me perguntar no al\u00e9m: Meir,<\/p>\n","protected":false},"author":1,"featured_media":0,"comment_status":"closed","ping_status":"open","sticky":false,"template":"","format":"standard","meta":{"_exactmetrics_skip_tracking":false,"_uf_show_specific_survey":0,"_uf_disable_surveys":false,"footnotes":""},"categories":[5],"tags":[],"class_list":["post-11804","post","type-post","status-publish","format-standard","hentry","category-blog"],"_links":{"self":[{"href":"http:\/\/rodolfomartino.com.br\/blog\/wp-json\/wp\/v2\/posts\/11804","targetHints":{"allow":["GET"]}}],"collection":[{"href":"http:\/\/rodolfomartino.com.br\/blog\/wp-json\/wp\/v2\/posts"}],"about":[{"href":"http:\/\/rodolfomartino.com.br\/blog\/wp-json\/wp\/v2\/types\/post"}],"author":[{"embeddable":true,"href":"http:\/\/rodolfomartino.com.br\/blog\/wp-json\/wp\/v2\/users\/1"}],"replies":[{"embeddable":true,"href":"http:\/\/rodolfomartino.com.br\/blog\/wp-json\/wp\/v2\/comments?post=11804"}],"version-history":[{"count":1,"href":"http:\/\/rodolfomartino.com.br\/blog\/wp-json\/wp\/v2\/posts\/11804\/revisions"}],"predecessor-version":[{"id":16173,"href":"http:\/\/rodolfomartino.com.br\/blog\/wp-json\/wp\/v2\/posts\/11804\/revisions\/16173"}],"wp:attachment":[{"href":"http:\/\/rodolfomartino.com.br\/blog\/wp-json\/wp\/v2\/media?parent=11804"}],"wp:term":[{"taxonomy":"category","embeddable":true,"href":"http:\/\/rodolfomartino.com.br\/blog\/wp-json\/wp\/v2\/categories?post=11804"},{"taxonomy":"post_tag","embeddable":true,"href":"http:\/\/rodolfomartino.com.br\/blog\/wp-json\/wp\/v2\/tags?post=11804"}],"curies":[{"name":"wp","href":"https:\/\/api.w.org\/{rel}","templated":true}]}}