{"id":11806,"date":"2010-12-16T00:00:00","date_gmt":"2010-12-16T00:00:00","guid":{"rendered":""},"modified":"2017-09-15T19:33:27","modified_gmt":"2017-09-15T19:33:27","slug":"a-foto","status":"publish","type":"post","link":"http:\/\/rodolfomartino.com.br\/blog\/a-foto\/","title":{"rendered":"A foto"},"content":{"rendered":"<p>Via email, recebo a foto que est\u00e1 ao lado.<\/p>\n<p>Mostra o pessoal com quem trabalhei na Gazeta do Ipiranga e que me honrou com a presen\u00e7a no lan\u00e7amento do meu livro \u201cMeus Caros Amigos \u2013 Cr\u00f4nicas Sobre Jornalistas, Bo\u00eamios e Paix\u00f5es\u201d (que aconteceu dia 4 na Cultura do Shopping Villa Lobos).<\/p>\n<p>Quem me enviou foi o Arnaldo, o de camisa vermelha ao meu lado.<\/p>\n<p>Bateu uma saudade danada de tantas quantas manh\u00e3s de quinta-feira que vivi alucinadamente, ao lado da turma, em ritmo de \u2018fechamento\u2019 da edi\u00e7\u00e3o da semana. Quais seriam os problemas que enfrentar\u00edamos naquele dia para driblar a falta de espa\u00e7o para o tanto que produz\u00edamos de reportagens? Qual seria a grande manchete? O que eu escreveria coluna semanal que assinei por mais de 20 anos, que se intitulava Caro Leitor?<\/p>\n<p>Era um perrengue. <\/p>\n<p>Mas, como v\u00eaem, todos sobrevivemos firmes. S\u00e3os, salvos e fortes.<\/p>\n<p>Bom ver a meninada feliz, mesmo que cada qual tenha l\u00e1 seguido seu caminho e desbravado dignamente novos desafios.<\/p>\n<p>Fiquei t\u00e3o positivamente impressionado com a lembran\u00e7a que at\u00e9 sonhei com a turma toda reunida na velha reda\u00e7\u00e3o de piso assoalhado e grandes janel\u00f5es que davam para a ruidosa rua Bom Pastor.<\/p>\n<p>L\u00e1 estava eu, atarantado como de costume naqueles dias, a escrever a coluna da semana em frente \u00e0 indefect\u00edvel Olivetti.<\/p>\n<p>O toc-toc da m\u00e1quina de escrever ressoava nas grossas paredes do casar\u00e3o, viajou por toda a Anchieta e veio confundir-se ao tic-tac do despertador anal\u00f3gico e de estima\u00e7\u00e3o que me acorda todas as manh\u00e3s, no melhor estilo do tirrim-tirrim-tirrim&#8230;<\/p>\n<p>Querem saber?  <\/p>\n<p>Mesmo com toda chuva l\u00e1 fora, mesmo com todos os enroscos do dia, at\u00e9 que acordei um tantinho mais feliz ao lembrar o carinho da rapaziada para com este modesto escriba.<\/p>\n","protected":false},"excerpt":{"rendered":"<p>Via email, recebo a foto que est\u00e1 ao lado.<\/p>\n<p>Mostra o pessoal com quem trabalhei na Gazeta do Ipiranga e que me honrou com a presen\u00e7a no lan\u00e7amento do meu livro \u201cMeus Caros Amigos \u2013 Cr\u00f4nicas Sobre Jornalistas,<\/p>\n","protected":false},"author":1,"featured_media":0,"comment_status":"closed","ping_status":"open","sticky":false,"template":"","format":"standard","meta":{"_exactmetrics_skip_tracking":false,"_uf_show_specific_survey":0,"_uf_disable_surveys":false,"footnotes":""},"categories":[5],"tags":[],"class_list":["post-11806","post","type-post","status-publish","format-standard","hentry","category-blog"],"_links":{"self":[{"href":"http:\/\/rodolfomartino.com.br\/blog\/wp-json\/wp\/v2\/posts\/11806","targetHints":{"allow":["GET"]}}],"collection":[{"href":"http:\/\/rodolfomartino.com.br\/blog\/wp-json\/wp\/v2\/posts"}],"about":[{"href":"http:\/\/rodolfomartino.com.br\/blog\/wp-json\/wp\/v2\/types\/post"}],"author":[{"embeddable":true,"href":"http:\/\/rodolfomartino.com.br\/blog\/wp-json\/wp\/v2\/users\/1"}],"replies":[{"embeddable":true,"href":"http:\/\/rodolfomartino.com.br\/blog\/wp-json\/wp\/v2\/comments?post=11806"}],"version-history":[{"count":1,"href":"http:\/\/rodolfomartino.com.br\/blog\/wp-json\/wp\/v2\/posts\/11806\/revisions"}],"predecessor-version":[{"id":16171,"href":"http:\/\/rodolfomartino.com.br\/blog\/wp-json\/wp\/v2\/posts\/11806\/revisions\/16171"}],"wp:attachment":[{"href":"http:\/\/rodolfomartino.com.br\/blog\/wp-json\/wp\/v2\/media?parent=11806"}],"wp:term":[{"taxonomy":"category","embeddable":true,"href":"http:\/\/rodolfomartino.com.br\/blog\/wp-json\/wp\/v2\/categories?post=11806"},{"taxonomy":"post_tag","embeddable":true,"href":"http:\/\/rodolfomartino.com.br\/blog\/wp-json\/wp\/v2\/tags?post=11806"}],"curies":[{"name":"wp","href":"https:\/\/api.w.org\/{rel}","templated":true}]}}