{"id":11810,"date":"2010-12-20T00:00:00","date_gmt":"2010-12-20T00:00:00","guid":{"rendered":""},"modified":"2017-09-15T19:33:26","modified_gmt":"2017-09-15T19:33:26","slug":"lula-e-a-entrevista","status":"publish","type":"post","link":"http:\/\/rodolfomartino.com.br\/blog\/lula-e-a-entrevista\/","title":{"rendered":"Lula e a entrevista"},"content":{"rendered":"<p>\u201cVou descansar. Tirar umas f\u00e9rias que n\u00e3o tiro h\u00e1 30 anos. Uns dois meses em um lugar onde eu n\u00e3o tenha que fazer nada, discutir pol\u00edtica, fazer absolutamente nada.\u201d<\/p>\n<p>\u201cNormal eu nunca mais vou ser. Mas (serei) um brasileiro mais pr\u00f3ximo da normalidade poss\u00edvel.\u201d<\/p>\n<p>\u201cQuero tirar tudo da presid\u00eancia de dentro de mim. Preciso voltar a ser o Lula. Se deixo a Presid\u00eancia dia primeiro e dia 2 come\u00e7o a dar palpite na pol\u00edtica, eu vou estar tendo inger\u00eancia em coisa que eu n\u00e3o devo.\u201d<\/p>\n<p>\u201cVai ser bom para o Brasil, vai ser bom para a Dilma, vai ser bom para todo mundo se eu ensinar como um ex-presidente tem que se portar.\u201d<\/p>\n<p>Trechos da entrevista do presidente Luiz In\u00e1cio Lula da Silva ao jornalista Kennedy Alencar durante o programa \u201c\u00c9 Not\u00edcia\u201d, exibido ontem pela RedeTV!, com vers\u00e3o editada publicada hoje pelo jornal Folha de S.Paulo.<\/p>\n<p>Durante o encontro, o presidente Lula admitiu a possibilidade de se candidatar novamente \u00e0 Presid\u00eancia: \u201cEu n\u00e3o posso dizer que n\u00e3o porque sou um ser vivo, sou presidente de honra de um partido, sou um pol\u00edtico nato, constru\u00ed uma rela\u00e7\u00e3o pol\u00edtica extraordin\u00e1ria.\u201d<\/p>\n<p>Por for\u00e7a de dever e of\u00edcio, acompanhei com interesse a cobertura jornal\u00edstica da elei\u00e7\u00e3o deste ano. Fiz (e fa\u00e7o) s\u00e9rias restri\u00e7\u00f5es ao encaminhamento, com m\u00e3o pesada e longe da imparcialidade que muitos ve\u00edculos e profissionais ao longo da empreitada.<\/p>\n<p>\u00c9 bom que se diga, no calor da fornalha dos acontecimentos, n\u00e3o \u00e9 f\u00e1cil conduzir o processo jornal\u00edstico nesse per\u00edodo. At\u00e9 porque as campanhas eleitorais \u2013 especialmente as presidenciais \u2013 s\u00e3o sempre distintas a cada edi\u00e7\u00e3o. Na deste ano, esperava-se bem mais agilidade por parte dos ve\u00edculos on-line que, ainda desta feita, vieram a reboque da TV e do jornalismo impresso.<\/p>\n<p>Enfim, vivendo e aprendendo a jogar, como diz a can\u00e7\u00e3o.<\/p>\n<p>De qualquer forma, seja na RedeTV!, seja na Folha de S.Paulo, o rep\u00f3rter Kennedy Alencar, ao meu ver, foi o grande destaque do jornalismo pol\u00edtico. A entrevista de ontem, conduzida com naturalidade e seguran\u00e7a, coroou o belo e consistente trabalho do rep\u00f3rter neste 2010. Parab\u00e9ns! <\/p>\n<p>** Foto: J\u00f4 Rabelo<\/p>\n","protected":false},"excerpt":{"rendered":"<p>\u201cVou descansar. Tirar umas f\u00e9rias que n\u00e3o tiro h\u00e1 30 anos. Uns dois meses em um lugar onde eu n\u00e3o tenha que fazer nada, discutir pol\u00edtica, fazer absolutamente nada.\u201d<\/p>\n<p>\u201cNormal eu nunca mais vou ser.<\/p>\n","protected":false},"author":1,"featured_media":0,"comment_status":"closed","ping_status":"open","sticky":false,"template":"","format":"standard","meta":{"_exactmetrics_skip_tracking":false,"_uf_show_specific_survey":0,"_uf_disable_surveys":false,"footnotes":""},"categories":[5],"tags":[],"class_list":["post-11810","post","type-post","status-publish","format-standard","hentry","category-blog"],"_links":{"self":[{"href":"http:\/\/rodolfomartino.com.br\/blog\/wp-json\/wp\/v2\/posts\/11810","targetHints":{"allow":["GET"]}}],"collection":[{"href":"http:\/\/rodolfomartino.com.br\/blog\/wp-json\/wp\/v2\/posts"}],"about":[{"href":"http:\/\/rodolfomartino.com.br\/blog\/wp-json\/wp\/v2\/types\/post"}],"author":[{"embeddable":true,"href":"http:\/\/rodolfomartino.com.br\/blog\/wp-json\/wp\/v2\/users\/1"}],"replies":[{"embeddable":true,"href":"http:\/\/rodolfomartino.com.br\/blog\/wp-json\/wp\/v2\/comments?post=11810"}],"version-history":[{"count":1,"href":"http:\/\/rodolfomartino.com.br\/blog\/wp-json\/wp\/v2\/posts\/11810\/revisions"}],"predecessor-version":[{"id":16167,"href":"http:\/\/rodolfomartino.com.br\/blog\/wp-json\/wp\/v2\/posts\/11810\/revisions\/16167"}],"wp:attachment":[{"href":"http:\/\/rodolfomartino.com.br\/blog\/wp-json\/wp\/v2\/media?parent=11810"}],"wp:term":[{"taxonomy":"category","embeddable":true,"href":"http:\/\/rodolfomartino.com.br\/blog\/wp-json\/wp\/v2\/categories?post=11810"},{"taxonomy":"post_tag","embeddable":true,"href":"http:\/\/rodolfomartino.com.br\/blog\/wp-json\/wp\/v2\/tags?post=11810"}],"curies":[{"name":"wp","href":"https:\/\/api.w.org\/{rel}","templated":true}]}}