{"id":11818,"date":"2011-01-22T00:00:00","date_gmt":"2011-01-22T00:00:00","guid":{"rendered":""},"modified":"2017-09-15T19:33:25","modified_gmt":"2017-09-15T19:33:25","slug":"a-cidade-onde-moro-2","status":"publish","type":"post","link":"http:\/\/rodolfomartino.com.br\/blog\/a-cidade-onde-moro-2\/","title":{"rendered":"A cidade onde moro&#8230; (2)"},"content":{"rendered":"<p>VI.<\/p>\n<p>Detalhe.<\/p>\n<p>N\u00e3o havia financiamento do BNH para im\u00f3veis usados.<\/p>\n<p>Quem viveu esse tempo deve se lembrar.<\/p>\n<p>Em Sampa, quando se achava algo em constru\u00e7\u00e3o, era fora do meu aporte salarial. <\/p>\n<p>J\u00e1 S\u00e3o Bernardo do Campo vivia uma \u2018explos\u00e3o\u2019 em termos imobili\u00e1rios.<\/p>\n<p>N\u00e3o foi dif\u00edcil arranjar um sobradinho na pinta, numa rua sem-sa\u00edda, mas bem acolhedora no km 18 da via Anchieta.<\/p>\n<p>VII.<\/p>\n<p>Tirei de letra morar no ABC.<\/p>\n<p>Trabalhava no Ipiranga. O tr\u00e2nsito n\u00e3o era t\u00e3o \u2018pegado\u2019 como o de hoje.<\/p>\n<p>Quinze, vinte minutos de Anchieta \u2013 e logo estava na reda\u00e7\u00e3o.<\/p>\n<p>Ademais, ganhei um bel\u00edssimo argumento que logo apresentava a quem torcia o nariz sobre o lugar da minha nova moradia.<\/p>\n<p>Embalado pelas manifesta\u00e7\u00f5es dos metal\u00fargicos contra a ditadura em que viv\u00edamos, o jornalista Mino Carta escreveu em um de seus not\u00e1veis artigos que S\u00e3o Bernardo era a \u00fanica cidade contempor\u00e2nea do Brasil.<\/p>\n<p>Como desdizer um dos principais jornalistas do s\u00e9culo 20?<\/p>\n<p>VIII.<\/p>\n<p>Querem mais.<\/p>\n<p>Em 85, ganhei outro argumento irrefut\u00e1vel.<\/p>\n<p>Nas urnas, os paulistanos consagraram o retrocesso ao eleger J\u00e2nio Quadros prefeito de S\u00e3o Paulo.<\/p>\n<p>Foi o que bastou.<\/p>\n<p>&#8212; Por isso, o meu auto-ex\u00edlio em S\u00e3o Bernardo, meus caros. <\/p>\n<p>Convenhamos.<\/p>\n<p>Eu tinha l\u00e1 minhas raz\u00f5es.<br \/>\nN\u00e3o d\u00e1 para morar em uma cidade que, no ano em que o Pa\u00eds consegue se livrar de uma ditadura barra-pesada, escolhe o mais conservador dos candidatos para prefeito.<\/p>\n<p>Mesmo a contragosto, \u00e0 \u00e9poca, todos concordavam comigo.<\/p>\n","protected":false},"excerpt":{"rendered":"<p>VI.<\/p>\n<p>Detalhe.<\/p>\n<p>N\u00e3o havia financiamento do BNH para im\u00f3veis usados.<\/p>\n<p>Quem viveu esse tempo deve se lembrar.<\/p>\n<p>Em Sampa, quando se achava algo em constru\u00e7\u00e3o,<\/p>\n","protected":false},"author":1,"featured_media":0,"comment_status":"closed","ping_status":"open","sticky":false,"template":"","format":"standard","meta":{"_exactmetrics_skip_tracking":false,"_uf_show_specific_survey":0,"_uf_disable_surveys":false,"footnotes":""},"categories":[5],"tags":[],"class_list":["post-11818","post","type-post","status-publish","format-standard","hentry","category-blog"],"_links":{"self":[{"href":"http:\/\/rodolfomartino.com.br\/blog\/wp-json\/wp\/v2\/posts\/11818","targetHints":{"allow":["GET"]}}],"collection":[{"href":"http:\/\/rodolfomartino.com.br\/blog\/wp-json\/wp\/v2\/posts"}],"about":[{"href":"http:\/\/rodolfomartino.com.br\/blog\/wp-json\/wp\/v2\/types\/post"}],"author":[{"embeddable":true,"href":"http:\/\/rodolfomartino.com.br\/blog\/wp-json\/wp\/v2\/users\/1"}],"replies":[{"embeddable":true,"href":"http:\/\/rodolfomartino.com.br\/blog\/wp-json\/wp\/v2\/comments?post=11818"}],"version-history":[{"count":1,"href":"http:\/\/rodolfomartino.com.br\/blog\/wp-json\/wp\/v2\/posts\/11818\/revisions"}],"predecessor-version":[{"id":16161,"href":"http:\/\/rodolfomartino.com.br\/blog\/wp-json\/wp\/v2\/posts\/11818\/revisions\/16161"}],"wp:attachment":[{"href":"http:\/\/rodolfomartino.com.br\/blog\/wp-json\/wp\/v2\/media?parent=11818"}],"wp:term":[{"taxonomy":"category","embeddable":true,"href":"http:\/\/rodolfomartino.com.br\/blog\/wp-json\/wp\/v2\/categories?post=11818"},{"taxonomy":"post_tag","embeddable":true,"href":"http:\/\/rodolfomartino.com.br\/blog\/wp-json\/wp\/v2\/tags?post=11818"}],"curies":[{"name":"wp","href":"https:\/\/api.w.org\/{rel}","templated":true}]}}