{"id":11819,"date":"2011-01-23T00:00:00","date_gmt":"2011-01-23T00:00:00","guid":{"rendered":""},"modified":"2017-09-15T19:33:25","modified_gmt":"2017-09-15T19:33:25","slug":"a-cidade-onde-moro-3","status":"publish","type":"post","link":"http:\/\/rodolfomartino.com.br\/blog\/a-cidade-onde-moro-3\/","title":{"rendered":"A cidade onde moro&#8230; (3)"},"content":{"rendered":"<p>IX.<\/p>\n<p>Recuperei essas lembran\u00e7as porque S\u00e3o Bernardo voltou \u00e0s manchetes a prop\u00f3sito do fim do segundo mandato de Lula e de seu retorno \u00e0 cidade que o acolheu e lhe deu fama.<\/p>\n<p>Mas, confesso, n\u00e3o foi s\u00f3 isso.<\/p>\n<p>A bem da verdade, nesses oito anos de mandato, o presidente virava-e-mexia batia com as barbas por aqui.<\/p>\n<p>Ademais, temos outro doubl\u00e9 de pol\u00edtico e celebridade na cidade.<\/p>\n<p>\u00c9 o vice-prefeito Frank Aguiar, aquele mesmo, o forrozeiro, tamb\u00e9m conhecido como o \u201cC\u00e3ozinho dos Teclados\u201d.<\/p>\n<p>\u00c9 isso, n\u00e3o \u00e9?<\/p>\n<p>Uahuahuah&#8230;<\/p>\n<p>Diria, pois, que estamos acostumados.<\/p>\n<p>X. <\/p>\n<p>Tamb\u00e9m n\u00e3o foi somente porque Bern\u00f4 agora est\u00e1 representada na elite do futebol de S\u00e3o Paulo. Com o glorioso S\u00e3o Bernardo Futebol Clube e a sua impactante camisa amarela.<\/p>\n<p>Dizem que \u00e9 um time de empres\u00e1rios e de pol\u00edticos.<\/p>\n<p>Boatos maldosos de quem quer impedir nossa gloriosa jornada rumo ao t\u00edtulo.<\/p>\n<p>Avante, Tigre!<\/p>\n<p>XI.<\/p>\n<p>Outro motivo para reverenciar S\u00e3o Bernardo neste espa\u00e7o: a exposi\u00e7\u00e3o que a Pinacoteca local faz das imagens que a fot\u00f3grafa Ana Lima pin\u00e7ou com sua talentosa objetiva. <\/p>\n<p>A mostra tem a curadoria de outra fot\u00f3grafa, J\u00f4 Rabelo.<\/p>\n<p>Um abra\u00e7o para Ana e J\u00f4, duas queridas amigas.<\/p>\n<p>XII.<\/p>\n<p>Como veem, motivos n\u00e3o me faltam para reverenciar SBC, cidade onde vivo e trabalho h\u00e1 mais de 30 anos e onde aprendi um jeito simples e bom de ser feliz.<\/p>\n<p>Mas, n\u00e3o tem d\u00favida: \u00e9 bem legal ter um ex-presidente como vizinho.<\/p>\n","protected":false},"excerpt":{"rendered":"<p>IX.<\/p>\n<p>Recuperei essas lembran\u00e7as porque S\u00e3o Bernardo voltou \u00e0s manchetes a prop\u00f3sito do fim do segundo mandato de Lula e de seu retorno \u00e0 cidade que o acolheu e lhe deu fama.<\/p>\n","protected":false},"author":1,"featured_media":0,"comment_status":"closed","ping_status":"open","sticky":false,"template":"","format":"standard","meta":{"_exactmetrics_skip_tracking":false,"_uf_show_specific_survey":0,"_uf_disable_surveys":false,"footnotes":""},"categories":[5],"tags":[],"class_list":["post-11819","post","type-post","status-publish","format-standard","hentry","category-blog"],"_links":{"self":[{"href":"http:\/\/rodolfomartino.com.br\/blog\/wp-json\/wp\/v2\/posts\/11819","targetHints":{"allow":["GET"]}}],"collection":[{"href":"http:\/\/rodolfomartino.com.br\/blog\/wp-json\/wp\/v2\/posts"}],"about":[{"href":"http:\/\/rodolfomartino.com.br\/blog\/wp-json\/wp\/v2\/types\/post"}],"author":[{"embeddable":true,"href":"http:\/\/rodolfomartino.com.br\/blog\/wp-json\/wp\/v2\/users\/1"}],"replies":[{"embeddable":true,"href":"http:\/\/rodolfomartino.com.br\/blog\/wp-json\/wp\/v2\/comments?post=11819"}],"version-history":[{"count":1,"href":"http:\/\/rodolfomartino.com.br\/blog\/wp-json\/wp\/v2\/posts\/11819\/revisions"}],"predecessor-version":[{"id":16160,"href":"http:\/\/rodolfomartino.com.br\/blog\/wp-json\/wp\/v2\/posts\/11819\/revisions\/16160"}],"wp:attachment":[{"href":"http:\/\/rodolfomartino.com.br\/blog\/wp-json\/wp\/v2\/media?parent=11819"}],"wp:term":[{"taxonomy":"category","embeddable":true,"href":"http:\/\/rodolfomartino.com.br\/blog\/wp-json\/wp\/v2\/categories?post=11819"},{"taxonomy":"post_tag","embeddable":true,"href":"http:\/\/rodolfomartino.com.br\/blog\/wp-json\/wp\/v2\/tags?post=11819"}],"curies":[{"name":"wp","href":"https:\/\/api.w.org\/{rel}","templated":true}]}}