{"id":11836,"date":"2011-02-08T00:00:00","date_gmt":"2011-02-08T00:00:00","guid":{"rendered":""},"modified":"2017-09-15T19:32:45","modified_gmt":"2017-09-15T19:32:45","slug":"salve-jorge-2","status":"publish","type":"post","link":"http:\/\/rodolfomartino.com.br\/blog\/salve-jorge-2\/","title":{"rendered":"Salve Jorge"},"content":{"rendered":"<p>Fa\u00e7o coro ao post do Andr\u00e9 Barcinski:<\/p>\n<p>\u201cT\u00e1bua de Esmeralda\u201d, gravado Benjor em 1974, \u00e9 melhor disco pop da hist\u00f3ria da m\u00fasica popular brasileira.<\/p>\n<p>http:\/\/andrebarcinski.folha.blog.uol.com.br\/arch2011-02-06_2011-02-12.html <\/p>\n<p>Benjor, ali\u00e1s, \u00e9 uma das raras unanimidades nessa tal de MPB. <\/p>\n<p>Nelson Motta j\u00e1 escreveu que a m\u00fasica de Ben tem clima de festa e universalidade. <\/p>\n<p>&quot;Desde sua estr\u00e9ia, ele sintetizou em seu viol\u00e3o a bateria de uma escola de samba&quot;. <\/p>\n<p>&quot;\u00c9 o \u00fanico de n\u00f3s que pode se orgulhar de nunca ter feito uma m\u00fasica triste&quot;, arrematou, em tempos idos, Caetano Veloso, outro ardoroso f\u00e3 do cantor\/compositor de Rio Comprido, sub\u00farbio da Zona Norte carioca. <\/p>\n<p>&quot;Eu fa\u00e7o uma m\u00fasica urbana, suburbana e rural, com ra\u00edzes africanas, brasileiras e universais \u2013 explicou, certa vez a este modesto rep\u00f3rter, Jorge Du\u00edlio Lima de Menezes, um fagueiro cidad\u00e3o do mundo que, aos 68 anos (n\u00e3o assumidos), mant\u00e9m em evid\u00eancia, um dos trabalhos mais criativos da chamada linha evolutiva da m\u00fasica popular brasileira. <\/p>\n<p>Vale dizer que Babulina (apelido que ganhou na adolesc\u00eancia) orgulha-se de muitas coisas.<\/p>\n<p>S\u00e3o fatos, personagens e paix\u00f5es que invariavelmente acabam por habitar as letras de suas insinuantes can\u00e7\u00f5es. Orgulha-se do amor pelo futebol (s\u00f3 pr\u00f3ximo aos 40 anos desistiu da id\u00e9ia de ser jogador profissional do seu Flamengo, da sua religiosidade (&quot;Sou um cara meio espiritual, meio rosacruz, um alquimista musical&quot;) da mulher e musa Domingas Tereza, dos filhos Tomazo e Gabriel, da sua Banda do Z\u00e9 Pretinho, e do contingente de amigos que literalmente o idolatram como a um grande mestre. Entre eles, Chico Buarque, Gilberto Gil (que, em 75, gravou um definitivo \u00e1lbum duplo (Gil Jorge), Rita Lee, Lulu Santos, Tit\u00e3s, Kid Abelha, Paralamas, entre outros.<\/p>\n<p>L\u00e1 pelos idos de 89 trocou de nome art\u00edstico. De Jorge Ben para Benjor, e explicou:<\/p>\n<p>\u201cBenjor \u00e9 um bedu\u00edno, um guerreiro n\u00f4made. Quando fui no I Festival da \u00c1frica na Arg\u00e9lia, travei conhecimento com este nome. Achei forte, achei bonita a semelhan\u00e7a com Jorge Ben. Os caras l\u00e1 me chamavam de Jorge Ben Jor, depois s\u00f3 Benjor. A\u00ed gostei porque \u00e9 o nome de um grande guerreiro. E, quando estou no palco, sinto uma m\u00edstica, uma energia que me passa uma coisa boa. \u00c9 o que tento transferir para as pessoas. Me sinto um alquimista musical.\u201d<\/p>\n<p>Salve Jorge!<\/p>\n","protected":false},"excerpt":{"rendered":"<p>Fa\u00e7o coro ao post do Andr\u00e9 Barcinski:<\/p>\n<p>\u201cT\u00e1bua de Esmeralda\u201d, gravado Benjor em 1974, \u00e9 melhor disco pop da hist\u00f3ria da m\u00fasica popular brasileira.<\/p>\n<p>http:\/\/andrebarcinski.folha.blog.uol.com.br\/arch2011-02-06_2011-02-12.html <\/p>\n<p>Benjor,<\/p>\n","protected":false},"author":1,"featured_media":0,"comment_status":"closed","ping_status":"open","sticky":false,"template":"","format":"standard","meta":{"_exactmetrics_skip_tracking":false,"_uf_show_specific_survey":0,"_uf_disable_surveys":false,"footnotes":""},"categories":[5],"tags":[],"class_list":["post-11836","post","type-post","status-publish","format-standard","hentry","category-blog"],"_links":{"self":[{"href":"http:\/\/rodolfomartino.com.br\/blog\/wp-json\/wp\/v2\/posts\/11836","targetHints":{"allow":["GET"]}}],"collection":[{"href":"http:\/\/rodolfomartino.com.br\/blog\/wp-json\/wp\/v2\/posts"}],"about":[{"href":"http:\/\/rodolfomartino.com.br\/blog\/wp-json\/wp\/v2\/types\/post"}],"author":[{"embeddable":true,"href":"http:\/\/rodolfomartino.com.br\/blog\/wp-json\/wp\/v2\/users\/1"}],"replies":[{"embeddable":true,"href":"http:\/\/rodolfomartino.com.br\/blog\/wp-json\/wp\/v2\/comments?post=11836"}],"version-history":[{"count":1,"href":"http:\/\/rodolfomartino.com.br\/blog\/wp-json\/wp\/v2\/posts\/11836\/revisions"}],"predecessor-version":[{"id":16144,"href":"http:\/\/rodolfomartino.com.br\/blog\/wp-json\/wp\/v2\/posts\/11836\/revisions\/16144"}],"wp:attachment":[{"href":"http:\/\/rodolfomartino.com.br\/blog\/wp-json\/wp\/v2\/media?parent=11836"}],"wp:term":[{"taxonomy":"category","embeddable":true,"href":"http:\/\/rodolfomartino.com.br\/blog\/wp-json\/wp\/v2\/categories?post=11836"},{"taxonomy":"post_tag","embeddable":true,"href":"http:\/\/rodolfomartino.com.br\/blog\/wp-json\/wp\/v2\/tags?post=11836"}],"curies":[{"name":"wp","href":"https:\/\/api.w.org\/{rel}","templated":true}]}}