{"id":11837,"date":"2011-02-09T00:00:00","date_gmt":"2011-02-09T00:00:00","guid":{"rendered":""},"modified":"2017-09-15T19:32:45","modified_gmt":"2017-09-15T19:32:45","slug":"a-copa-do-futuro","status":"publish","type":"post","link":"http:\/\/rodolfomartino.com.br\/blog\/a-copa-do-futuro\/","title":{"rendered":"A Copa do Futuro"},"content":{"rendered":"<p>Thiago Motta \u00e9 o novo boleiro da sele\u00e7\u00e3o italiana \u2013 pode estrear hoje no amistoso contra a Alemanha.<\/p>\n<p>Ainda no in\u00edcio desta semana, a FIFA liberou este brasileiro de 28 anos a defender a Azzurra, mesmo tendo vestido a amarelinha nas sele\u00e7\u00f5es de base.<\/p>\n<p>Ontem pela TV vi trecho da entrevista em que diz em bom italiano \u201cum afortunado\u201d.<\/p>\n<p>A hist\u00f3ria de Motta, hoje jogador da Inter de Mil\u00e3o, repete um roteiro comum a muitos jovens em todo o mundo. Diria at\u00e9 que t\u00e3o comum quanto ansiado pelos meninos que sonham \u201cganhar\u201d a vida e a gl\u00f3ria correndo atr\u00e1s de uma bola.<\/p>\n<p>Garoto ainda come\u00e7ou jogando futsal no Juventus, passou para o futebol de campo no Palmeiras e depois foi parar num dos primeiros arremedos de time de empres\u00e1rio no Pa\u00eds, o EuroSport. Aos 17 anos j\u00e1 estava nos juvenis do Barcelona, onde ficou at\u00e9 dois anos atr\u00e1s. Transferiu-se para o Genoa e posteriormente para o Inter.<\/p>\n<p>Como \u00e9 de ascend\u00eancia italiana, logo conseguiu o passaporte e a cidadania italiana.<\/p>\n<p>Sei que n\u00e3o \u00e9 algo novo tamb\u00e9m.<\/p>\n<p>O argentino Di St\u00e9fano jogou pela Espanha e pela Col\u00f4mbia nos idos de 50\/60. Altafini Mazzola, brasileiro campe\u00e3o do mundo de 58, jogou pela It\u00e1lia em 62. O angolano Euz\u00e9bio \u00e9 ainda hoje o maior nome do futebol portugu\u00eas.<\/p>\n<p>S\u00f3 que com a globaliza\u00e7\u00e3o do esporte, o fen\u00f4meno tende a se alastrar.<\/p>\n<p>Na recente Copa do Mundo, diversas sele\u00e7\u00f5es trouxeram \u2018estrangeiros\u2019 em seu elenco. A boa equipe da Alemanha tinha alguns pares deles. Portugal, no m\u00ednimo tr\u00eas brasileiros \u2013 Pepe, Deco e Liedson.<\/p>\n<p>Ainda agora, no final do ano, as belas atua\u00e7\u00f5es do argentino Conca fizeram com que o nome do camisa 10 do Fluminense, campe\u00e3o do Brasil, fosse lembrado para a sele\u00e7\u00e3o brasileira, lembram?<\/p>\n<p>Houve veiculo de comunica\u00e7\u00e3o que fez pesquisa para saber o que o p\u00fablico achava: Mano devia ou n\u00e3o convocar o gringo?<\/p>\n<p>Dif\u00edcil fechar quest\u00e3o sobre o assunto.<\/p>\n<p>Dif\u00edcil impor regras para este ou aquele caso ou quaisquer limites para este mund\u00e3o de Meu Deus cada vez mais sem fronteiras.<\/p>\n<p>O \u00fanico problema que vejo \u00e9 a Copa do Mundo transformar-se num torneio ca\u00e7a-bons-n\u00edqueis, com equipes que s\u00e3o verdadeiras legi\u00f5es de estrangeiros \u2013 e assim perder toda a autenticidade, e convenhamos todo o seu charme.<\/p>\n<p>Pior que isso: virar um novo Mundialito entre clubes. A\u00ed, sim, nossa hegemonia vai para as cucuias. Atualmente, o Barcelona, base da sele\u00e7\u00e3o espanhola mais o Messi, \u00e9 imbat\u00edvel.<\/p>\n","protected":false},"excerpt":{"rendered":"<p>Thiago Motta \u00e9 o novo boleiro da sele\u00e7\u00e3o italiana \u2013 pode estrear hoje no amistoso contra a Alemanha.<\/p>\n<p>Ainda no in\u00edcio desta semana, a FIFA liberou este brasileiro de 28 anos a defender a Azzurra,<\/p>\n","protected":false},"author":1,"featured_media":0,"comment_status":"closed","ping_status":"open","sticky":false,"template":"","format":"standard","meta":{"_exactmetrics_skip_tracking":false,"_uf_show_specific_survey":0,"_uf_disable_surveys":false,"footnotes":""},"categories":[5],"tags":[],"class_list":["post-11837","post","type-post","status-publish","format-standard","hentry","category-blog"],"_links":{"self":[{"href":"http:\/\/rodolfomartino.com.br\/blog\/wp-json\/wp\/v2\/posts\/11837","targetHints":{"allow":["GET"]}}],"collection":[{"href":"http:\/\/rodolfomartino.com.br\/blog\/wp-json\/wp\/v2\/posts"}],"about":[{"href":"http:\/\/rodolfomartino.com.br\/blog\/wp-json\/wp\/v2\/types\/post"}],"author":[{"embeddable":true,"href":"http:\/\/rodolfomartino.com.br\/blog\/wp-json\/wp\/v2\/users\/1"}],"replies":[{"embeddable":true,"href":"http:\/\/rodolfomartino.com.br\/blog\/wp-json\/wp\/v2\/comments?post=11837"}],"version-history":[{"count":1,"href":"http:\/\/rodolfomartino.com.br\/blog\/wp-json\/wp\/v2\/posts\/11837\/revisions"}],"predecessor-version":[{"id":16143,"href":"http:\/\/rodolfomartino.com.br\/blog\/wp-json\/wp\/v2\/posts\/11837\/revisions\/16143"}],"wp:attachment":[{"href":"http:\/\/rodolfomartino.com.br\/blog\/wp-json\/wp\/v2\/media?parent=11837"}],"wp:term":[{"taxonomy":"category","embeddable":true,"href":"http:\/\/rodolfomartino.com.br\/blog\/wp-json\/wp\/v2\/categories?post=11837"},{"taxonomy":"post_tag","embeddable":true,"href":"http:\/\/rodolfomartino.com.br\/blog\/wp-json\/wp\/v2\/tags?post=11837"}],"curies":[{"name":"wp","href":"https:\/\/api.w.org\/{rel}","templated":true}]}}