{"id":11838,"date":"2011-02-10T00:00:00","date_gmt":"2011-02-10T00:00:00","guid":{"rendered":""},"modified":"2017-09-15T19:32:45","modified_gmt":"2017-09-15T19:32:45","slug":"mestre-jonas-e-os-formandos","status":"publish","type":"post","link":"http:\/\/rodolfomartino.com.br\/blog\/mestre-jonas-e-os-formandos\/","title":{"rendered":"Mestre Jonas e os formandos"},"content":{"rendered":"<p>Meus caros amigos&#8230; <\/p>\n<p>&#8230; para come\u00e7o de papo passo de bandeja os finos ensinamentos do saudoso Z\u00e9 Rodrix.<\/p>\n<p>Diria at\u00e9 que \u00e9 um toque vital neste in\u00edcio de ano.<\/p>\n<p>\u201cDentro da baleia a vida \u00e9 t\u00e3o mais f\u00e1cil\u201d.<\/p>\n<p>Ou\u00e7o a can\u00e7\u00e3o dos idos de 70 no r\u00e1dio do carro ao voltar para casa, ap\u00f3s um dia daqueles \u2013 repleto de compromissos, demandas e reuni\u00f5es, mas que felizmente terminou na solenidade de cola\u00e7\u00e3o de grau de mais uma turma de formandos do curso de Rela\u00e7\u00f5es P\u00fablicas da Faculdade de Comunica\u00e7\u00e3o da Universidade Metodista de S\u00e3o Paulo.<\/p>\n<p>\u00c0 essa meninada e a quem n\u00e3o se lembra, digo que \u201cMestre Jonas\u201d \u00e9 uma das divertidas cria\u00e7\u00f5es de Rodrix. Narra as aventuras de um homem que, desde a maior idade, resolveu morar dentro de uma baleia e \u201cpor vontade pr\u00f3pria\u201d.<\/p>\n<p>Diz a letra:<\/p>\n<p>\u201cA baleia \u00e9 sua casa, sua cidade\u201d.<\/p>\n<p>M\u00fasica e formatura me confortam neste fim de noite.<\/p>\n<p>Sinal de vida e de esperan\u00e7a, apesar do calor e das afli\u00e7\u00f5es urbanas de Sampa.<\/p>\n<p>Bom ver jovens confiantes terminar um ciclo inesquec\u00edvel de suas vidas com tamanha alegria e vibra\u00e7\u00e3o. Partem para o desafio de enfrentar o futuro com a firme convic\u00e7\u00e3o de transform\u00e1-lo para melhor.<\/p>\n<p>Quase todos os oradores saudaram o bom combate por uma sociedade mais justa.<\/p>\n<p>Sei que h\u00e1 c\u00e9ticos \u2013 sempre os h\u00e1 \u2013 que dir\u00e3o: <\/p>\n<p>&#8212; Ah! \u00e9 tema comum dos discursos em tais cerim\u00f4nias.<\/p>\n<p>O que que h\u00e1, gente? <\/p>\n<p>As palavras t\u00eam um peso, sim.<\/p>\n<p>E por que n\u00e3o acreditar na f\u00e9 e no comprometimento dessa mo\u00e7ada?<\/p>\n<p>O bom tempo se consolidar\u00e1 pela mente e pelas m\u00e3os desta gera\u00e7\u00e3o que a\u00ed est\u00e1. <\/p>\n<p>(Ali\u00e1s, podemos at\u00e9 fazer de conta que n\u00e3o vemos, mas a mudan\u00e7a j\u00e1 acontece.)<\/p>\n<p>Melhor do que morar dentro de uma baleia, como prop\u00f4s eufemisticamente o grande Rodrix, pois n\u00e3o podia dizer que o tempo l\u00e1 fora era de obscurantismo e repress\u00e3o.<\/p>\n<p>\u201cQuando o tempo \u00e9 mal, a tempestade fica de fora.<\/p>\n<p>A baleia \u00e9 mais segura que um grande navio.\u201d<\/p>\n<p>Naqueles anos, viv\u00edamos as trevas de um regime ditatorial.<\/p>\n<p>Refugiar-se, dentro de uma baleia que fosse, era bem-humorada figura de imagem.<\/p>\n<p>Era tamb\u00e9m um grito de alerta para o per\u00edodo que viv\u00edamos e que, jovens \u00e0 \u00e9poca, quer\u00edamos transformar.<\/p>\n<p>Eles est\u00e3o livre disso \u2013 o que \u00e9 \u00f3timo.<\/p>\n<p>E sonham lindamente com uma sociedade mais igualit\u00e1ria \u2013 o que \u00e9 melhor ainda.<\/p>\n","protected":false},"excerpt":{"rendered":"<p>Meus caros amigos&#8230; <\/p>\n<p>&#8230; para come\u00e7o de papo passo de bandeja os finos ensinamentos do saudoso Z\u00e9 Rodrix.<\/p>\n<p>Diria at\u00e9 que \u00e9 um toque vital neste in\u00edcio de ano.<\/p>\n","protected":false},"author":1,"featured_media":0,"comment_status":"closed","ping_status":"open","sticky":false,"template":"","format":"standard","meta":{"_exactmetrics_skip_tracking":false,"_uf_show_specific_survey":0,"_uf_disable_surveys":false,"footnotes":""},"categories":[5],"tags":[],"class_list":["post-11838","post","type-post","status-publish","format-standard","hentry","category-blog"],"_links":{"self":[{"href":"http:\/\/rodolfomartino.com.br\/blog\/wp-json\/wp\/v2\/posts\/11838","targetHints":{"allow":["GET"]}}],"collection":[{"href":"http:\/\/rodolfomartino.com.br\/blog\/wp-json\/wp\/v2\/posts"}],"about":[{"href":"http:\/\/rodolfomartino.com.br\/blog\/wp-json\/wp\/v2\/types\/post"}],"author":[{"embeddable":true,"href":"http:\/\/rodolfomartino.com.br\/blog\/wp-json\/wp\/v2\/users\/1"}],"replies":[{"embeddable":true,"href":"http:\/\/rodolfomartino.com.br\/blog\/wp-json\/wp\/v2\/comments?post=11838"}],"version-history":[{"count":1,"href":"http:\/\/rodolfomartino.com.br\/blog\/wp-json\/wp\/v2\/posts\/11838\/revisions"}],"predecessor-version":[{"id":16142,"href":"http:\/\/rodolfomartino.com.br\/blog\/wp-json\/wp\/v2\/posts\/11838\/revisions\/16142"}],"wp:attachment":[{"href":"http:\/\/rodolfomartino.com.br\/blog\/wp-json\/wp\/v2\/media?parent=11838"}],"wp:term":[{"taxonomy":"category","embeddable":true,"href":"http:\/\/rodolfomartino.com.br\/blog\/wp-json\/wp\/v2\/categories?post=11838"},{"taxonomy":"post_tag","embeddable":true,"href":"http:\/\/rodolfomartino.com.br\/blog\/wp-json\/wp\/v2\/tags?post=11838"}],"curies":[{"name":"wp","href":"https:\/\/api.w.org\/{rel}","templated":true}]}}