{"id":11841,"date":"2011-02-13T00:00:00","date_gmt":"2011-02-13T00:00:00","guid":{"rendered":""},"modified":"2017-09-15T19:32:45","modified_gmt":"2017-09-15T19:32:45","slug":"a-historia-que-ronaldo-escreveu","status":"publish","type":"post","link":"http:\/\/rodolfomartino.com.br\/blog\/a-historia-que-ronaldo-escreveu\/","title":{"rendered":"A hist\u00f3ria que Ronaldo escreveu"},"content":{"rendered":"<p>Meus caros,<\/p>\n<p>sou um cara simples do Cambuci. <\/p>\n<p>Tudo o que sei \u00e9 que nada sei. <\/p>\n<p>Mas tenho l\u00e1 minhas convic\u00e7\u00f5es.<\/p>\n<p>Adianta pouco bater p\u00e9, bater p\u00e9, bater p\u00e9. <\/p>\n<p>Pouco adianta bater na palma da m\u00e3o.<\/p>\n<p>No vira-virou do tempo, um dia a gente chega, no outro vai embora.<\/p>\n<p>\u00c9 a tal roda-viva.<\/p>\n<p>Inexor\u00e1vel.<\/p>\n<p>Antes e depois dos versos de Chico:<\/p>\n<p>O samba, a viola, a roseira<br \/>\nQue um dia a fogueira queimou<br \/>\nFoi tudo ilus\u00e3o passageira<br \/>\nQue a brisa primeira levou&#8230;<\/p>\n<p>Vale para a vida.<\/p>\n<p>Vale para os amores.<\/p>\n<p>\u00c9 dura de roer quando se insere no Planeta Bola.<\/p>\n<p>&quot;O jogador de futebol morre duas vezes. Uma quando para de jogar.Outra quando parte desta para a melhor.&quot; (Paulo Roberto Falc\u00e3o)<\/p>\n<p>Coloco Ronaldo no pante\u00e3o luminar dos craques indiscut\u00edveis que vi jogar.<\/p>\n<p>Pela ordem que entraram na ribalta, s\u00e3o seus pares:<\/p>\n<p>Didi, Pel\u00e9, Garrincha, Ademir da Guia, Cruyff, Maradona, Falc\u00e3o, Roberto Baggio.<\/p>\n<p>N\u00e3o h\u00e1 o que discutir.<\/p>\n<p>Ele foi mesmo um Fen\u00f4meno, tantas e tamanhas que a vida lhe reservou.<\/p>\n<p>Para o bem, para o mal.<\/p>\n<p>Foi o primeiro craque do chamado futebol global; mercantilizado e midi\u00e1tico.<\/p>\n<p>Fez tremer o mundo com seus gols de placa.<\/p>\n<p>O mundo acompanhou chocado a contus\u00e3o ao vivo e em cores, na Inter de Mil\u00e3o.<\/p>\n<p>As muletas, a recupera\u00e7\u00e3o (a primeira de tantas), o Mundial de 2002.<\/p>\n<p>O bisonho corte de cabelo, \u00e0 la Casc\u00e3o, a retocar a imagem de um campe\u00e3o indiscut\u00edvel, mas debochado que s\u00f3.<\/p>\n<p>A volta ao futebol brasileiro, diziam, de olho na Copa de 2010.<\/p>\n<p>Quase deu&#8230;<\/p>\n<p>Mas, a longa trajet\u00f3ria do guerreiro deixou marcas indel\u00e9veis.<\/p>\n<p>Marcas que v\u00e3o al\u00e9m da raz\u00e3o, al\u00e9m do desejo, \u00f3bvio, de continuar sendo quem sempre foi: o melhor.<\/p>\n<p>N\u00e3o deu para salvar o centen\u00e1rio do Tim\u00e3o, mas projetou o Corinthians em \u00e2mbito internacional, onde s\u00f3 o Santos de Pel\u00e9, um dia, l\u00e1 atr\u00e1s, navegou.<\/p>\n<p>Se o cara anunciar amanh\u00e3 que para com o futebol, que que h\u00e1 pessoal, est\u00e1 de bom tamanho.<\/p>\n<p>A hist\u00f3ria foi escrita &#8212; e \u00e9 irretoc\u00e1vel. <\/p>\n<p>Valeu, Fen\u00f4meno, primeiro e \u00fanico!<\/p>\n<p>Afinal, como ensinou outro poeta da can\u00e7\u00e3o popular, Benjor:<\/p>\n<p>Subir, descer, entrar, sair<br \/>\nFaz parte do talento individual de cada um.<\/p>\n","protected":false},"excerpt":{"rendered":"<p>Meus caros,<\/p>\n<p>sou um cara simples do Cambuci. <\/p>\n<p>Tudo o que sei \u00e9 que nada sei. <\/p>\n<p>Mas tenho l\u00e1 minhas convic\u00e7\u00f5es.<\/p>\n<p>Adianta pouco bater p\u00e9,<\/p>\n","protected":false},"author":1,"featured_media":0,"comment_status":"closed","ping_status":"open","sticky":false,"template":"","format":"standard","meta":{"_exactmetrics_skip_tracking":false,"_uf_show_specific_survey":0,"_uf_disable_surveys":false,"footnotes":""},"categories":[5],"tags":[],"class_list":["post-11841","post","type-post","status-publish","format-standard","hentry","category-blog"],"_links":{"self":[{"href":"http:\/\/rodolfomartino.com.br\/blog\/wp-json\/wp\/v2\/posts\/11841","targetHints":{"allow":["GET"]}}],"collection":[{"href":"http:\/\/rodolfomartino.com.br\/blog\/wp-json\/wp\/v2\/posts"}],"about":[{"href":"http:\/\/rodolfomartino.com.br\/blog\/wp-json\/wp\/v2\/types\/post"}],"author":[{"embeddable":true,"href":"http:\/\/rodolfomartino.com.br\/blog\/wp-json\/wp\/v2\/users\/1"}],"replies":[{"embeddable":true,"href":"http:\/\/rodolfomartino.com.br\/blog\/wp-json\/wp\/v2\/comments?post=11841"}],"version-history":[{"count":1,"href":"http:\/\/rodolfomartino.com.br\/blog\/wp-json\/wp\/v2\/posts\/11841\/revisions"}],"predecessor-version":[{"id":16139,"href":"http:\/\/rodolfomartino.com.br\/blog\/wp-json\/wp\/v2\/posts\/11841\/revisions\/16139"}],"wp:attachment":[{"href":"http:\/\/rodolfomartino.com.br\/blog\/wp-json\/wp\/v2\/media?parent=11841"}],"wp:term":[{"taxonomy":"category","embeddable":true,"href":"http:\/\/rodolfomartino.com.br\/blog\/wp-json\/wp\/v2\/categories?post=11841"},{"taxonomy":"post_tag","embeddable":true,"href":"http:\/\/rodolfomartino.com.br\/blog\/wp-json\/wp\/v2\/tags?post=11841"}],"curies":[{"name":"wp","href":"https:\/\/api.w.org\/{rel}","templated":true}]}}