{"id":11843,"date":"2011-02-14T00:00:00","date_gmt":"2011-02-14T00:00:00","guid":{"rendered":""},"modified":"2017-09-15T19:32:44","modified_gmt":"2017-09-15T19:32:44","slug":"vida-que-segue","status":"publish","type":"post","link":"http:\/\/rodolfomartino.com.br\/blog\/vida-que-segue\/","title":{"rendered":"Vida que segue&#8230;"},"content":{"rendered":"<p>Meus caros amigos,<\/p>\n<p>N\u00e3o \u00e9 \u00e0 toa que o Big Brother despenca em audi\u00eancia.<\/p>\n<p>A vida real \u00e9 bem mais interessante, com lances de dramaticidade e poesia bem superiores ao reality show.<\/p>\n<p>Hoje, por exemplo, ao vivo e em cores, pudemos acompanhar o adeus \u00e0 bola de Ronaldo, o Fen\u00f4meno.<\/p>\n<p>A tristeza do atacante contrastou com as peraltices do filho Alex, presente \u00e0 coletiva e nem a\u00ed para a seriedade do momento.<\/p>\n<p>As l\u00e1grimas fenomenais logo cederam lugar ao sorriso do pai-coruja.<\/p>\n<p>Foi o assunto do dia.<\/p>\n<p>II.<\/p>\n<p>Vida que segue&#8230;<\/p>\n<p>Querem prova maior de que o rio segue o curso natural das coisas?<\/p>\n<p>Na madrugada de s\u00e1bado para domingo, a sele\u00e7\u00e3o sub-20 do Brasil fez uma exibi\u00e7\u00e3o de gala. Goleou o Uruguai (6&#215;0), classificou-se para as Olimp\u00edadas de Londres e o Mundial da categoria, al\u00e9m de consolidar o talento de tr\u00eas craques indiscut\u00edveis: Neymar, Lucas e Casemiro.<\/p>\n<p>O futebol brasileiro \u00e9 mesmo um celeiro de craques.<\/p>\n<p>Bom ver o futebol e a alegria da garotada.<\/p>\n<p>III.<\/p>\n<p>O S\u00e3o Paulo finalmente botou a m\u00e3o e levou para a casa a tal Ta\u00e7a das Bolinhas.<\/p>\n<p>Mesmo assim, n\u00e3o creio que seja o fim do imbr\u00f3glio judicial.<\/p>\n<p>O Flamengo entrou com liminar, expedida na madrugada de hoje, que foi simplesmente ignorada.<\/p>\n<p>IV.<\/p>\n<p>Benjor anunciou ontem que pretende apresentar brevemente, em show, as can\u00e7\u00f5es de A T\u00e1bua de Esmeralda, considerado por muitos o melhor disco pop da MPB. <\/p>\n<p>Os f\u00e3s agradecem&#8230;<\/p>\n<p>Lembro que tocamos no assunto em dois posts recentes: Salve Jorge! e A D\u00favida e o Encanto.<\/p>\n","protected":false},"excerpt":{"rendered":"<p>Meus caros amigos,<\/p>\n<p>N\u00e3o \u00e9 \u00e0 toa que o Big Brother despenca em audi\u00eancia.<\/p>\n<p>A vida real \u00e9 bem mais interessante, com lances de dramaticidade e poesia bem superiores ao reality show.<\/p>\n","protected":false},"author":1,"featured_media":0,"comment_status":"closed","ping_status":"open","sticky":false,"template":"","format":"standard","meta":{"_exactmetrics_skip_tracking":false,"_uf_show_specific_survey":0,"_uf_disable_surveys":false,"footnotes":""},"categories":[5],"tags":[],"class_list":["post-11843","post","type-post","status-publish","format-standard","hentry","category-blog"],"_links":{"self":[{"href":"http:\/\/rodolfomartino.com.br\/blog\/wp-json\/wp\/v2\/posts\/11843","targetHints":{"allow":["GET"]}}],"collection":[{"href":"http:\/\/rodolfomartino.com.br\/blog\/wp-json\/wp\/v2\/posts"}],"about":[{"href":"http:\/\/rodolfomartino.com.br\/blog\/wp-json\/wp\/v2\/types\/post"}],"author":[{"embeddable":true,"href":"http:\/\/rodolfomartino.com.br\/blog\/wp-json\/wp\/v2\/users\/1"}],"replies":[{"embeddable":true,"href":"http:\/\/rodolfomartino.com.br\/blog\/wp-json\/wp\/v2\/comments?post=11843"}],"version-history":[{"count":1,"href":"http:\/\/rodolfomartino.com.br\/blog\/wp-json\/wp\/v2\/posts\/11843\/revisions"}],"predecessor-version":[{"id":16138,"href":"http:\/\/rodolfomartino.com.br\/blog\/wp-json\/wp\/v2\/posts\/11843\/revisions\/16138"}],"wp:attachment":[{"href":"http:\/\/rodolfomartino.com.br\/blog\/wp-json\/wp\/v2\/media?parent=11843"}],"wp:term":[{"taxonomy":"category","embeddable":true,"href":"http:\/\/rodolfomartino.com.br\/blog\/wp-json\/wp\/v2\/categories?post=11843"},{"taxonomy":"post_tag","embeddable":true,"href":"http:\/\/rodolfomartino.com.br\/blog\/wp-json\/wp\/v2\/tags?post=11843"}],"curies":[{"name":"wp","href":"https:\/\/api.w.org\/{rel}","templated":true}]}}