{"id":11844,"date":"2011-02-15T00:00:00","date_gmt":"2011-02-15T00:00:00","guid":{"rendered":""},"modified":"2017-09-15T19:32:44","modified_gmt":"2017-09-15T19:32:44","slug":"haroldo-de-campos-em-duas-mostras","status":"publish","type":"post","link":"http:\/\/rodolfomartino.com.br\/blog\/haroldo-de-campos-em-duas-mostras\/","title":{"rendered":"Haroldo de Campos, em duas mostras"},"content":{"rendered":"<p>A trajet\u00f3ria do poeta Haroldo de Campos \u00e9 tema de duas mostras em S\u00e3o Paulo.<\/p>\n<p>A partir de amanh\u00e3, o percurso po\u00e9tico do autor paulistano faz parte do entrecho da Ocupa\u00e7\u00e3o Haroldo de Campos no espa\u00e7o Casa das Rosas, da Avenida Paulista, com ambientes para registros e trechos de poemas.<\/p>\n<p>Tamb\u00e9m a partir desta quinta, no Ita\u00fa Cultural, a instala\u00e7\u00e3o H L\u00c1XIA reproduz o universo do tamb\u00e9m ensa\u00edsta e tradutor, al\u00e9m de enfocar o processo intelectual de Campos.<\/p>\n<p>Espet\u00e1culos, palestras, mesas-redondas e debates complementam a programa\u00e7\u00e3o.<\/p>\n<p>Confira mais em: itaucultural.org.br\/ocupa\u00e7\u00e3o<\/p>\n<p>Hoje, haver\u00e1 abertura exclusiva para convidados com leitura de poemas e participa\u00e7\u00e3o de Arnaldo Antunes, Frederico Barbosa e L\u00edvio Tratenberg.<\/p>\n","protected":false},"excerpt":{"rendered":"<p>A trajet\u00f3ria do poeta Haroldo de Campos \u00e9 tema de duas mostras em S\u00e3o Paulo.<\/p>\n<p>A partir de amanh\u00e3, o percurso po\u00e9tico do autor paulistano faz parte do entrecho da Ocupa\u00e7\u00e3o Haroldo de Campos no espa\u00e7o Casa das Rosas,<\/p>\n","protected":false},"author":1,"featured_media":0,"comment_status":"closed","ping_status":"open","sticky":false,"template":"","format":"standard","meta":{"_exactmetrics_skip_tracking":false,"_uf_show_specific_survey":0,"_uf_disable_surveys":false,"footnotes":""},"categories":[5],"tags":[],"class_list":["post-11844","post","type-post","status-publish","format-standard","hentry","category-blog"],"_links":{"self":[{"href":"http:\/\/rodolfomartino.com.br\/blog\/wp-json\/wp\/v2\/posts\/11844","targetHints":{"allow":["GET"]}}],"collection":[{"href":"http:\/\/rodolfomartino.com.br\/blog\/wp-json\/wp\/v2\/posts"}],"about":[{"href":"http:\/\/rodolfomartino.com.br\/blog\/wp-json\/wp\/v2\/types\/post"}],"author":[{"embeddable":true,"href":"http:\/\/rodolfomartino.com.br\/blog\/wp-json\/wp\/v2\/users\/1"}],"replies":[{"embeddable":true,"href":"http:\/\/rodolfomartino.com.br\/blog\/wp-json\/wp\/v2\/comments?post=11844"}],"version-history":[{"count":1,"href":"http:\/\/rodolfomartino.com.br\/blog\/wp-json\/wp\/v2\/posts\/11844\/revisions"}],"predecessor-version":[{"id":16137,"href":"http:\/\/rodolfomartino.com.br\/blog\/wp-json\/wp\/v2\/posts\/11844\/revisions\/16137"}],"wp:attachment":[{"href":"http:\/\/rodolfomartino.com.br\/blog\/wp-json\/wp\/v2\/media?parent=11844"}],"wp:term":[{"taxonomy":"category","embeddable":true,"href":"http:\/\/rodolfomartino.com.br\/blog\/wp-json\/wp\/v2\/categories?post=11844"},{"taxonomy":"post_tag","embeddable":true,"href":"http:\/\/rodolfomartino.com.br\/blog\/wp-json\/wp\/v2\/tags?post=11844"}],"curies":[{"name":"wp","href":"https:\/\/api.w.org\/{rel}","templated":true}]}}