{"id":11847,"date":"2011-02-18T00:00:00","date_gmt":"2011-02-18T00:00:00","guid":{"rendered":""},"modified":"2017-09-15T19:32:44","modified_gmt":"2017-09-15T19:32:44","slug":"dominguinhos-a-homenagem","status":"publish","type":"post","link":"http:\/\/rodolfomartino.com.br\/blog\/dominguinhos-a-homenagem\/","title":{"rendered":"Dominguinhos, a homenagem"},"content":{"rendered":"<p>O blog passou batido pelo anivers\u00e1rio de Jos\u00e9 Domingos de Moraes, dia 12.<\/p>\n<p>Falha imperdo\u00e1vel que agora, humildemente, pretendo reparar.<\/p>\n<p>Dominguinhos, o mais dileto disc\u00edpulo de Gonzag\u00e3o, completou 70 anos.<\/p>\n<p>Parceiro de grandes nomes da MPB (com Chico Buarque fez \u201cIsto Aqui Est\u00e1 Bom Demais\u201d; com Gil, a obra prima \u201cEu S\u00f3 Quero Um Xod\u00f3\u201d, entre outros e outras), Dominguinhos transformou sua vida em bel\u00edssima \u2013 e consistente \u2013 obra musical, bem ao estilo do mestre Luiz Gonzaga, o eterno Rei do Bai\u00e3o.<\/p>\n<p>Trabalhei por muito tempo como rep\u00f3rter na \u00e1rea de MPB e entrevistei o sanfoneiro diversas vezes.<\/p>\n<p>Era sempre uma alegria.<\/p>\n<p>Um papo gostoso, com uma pessoa simples que nunca posou de pop star.<\/p>\n<p>Em 1979, estava nos bastidores do palco do Pal\u00e1cio das Conven\u00e7\u00f5es do Anhembi trabalhando na cobertura de um extempor\u00e2neo Festival de M\u00fasica Popular, promovido pela ent\u00e3o TV Tupi de S\u00e3o Paulo. Por uma dessas circunst\u00e2ncias do acaso, ouvi de um dos organizadores que a m\u00fasica vencedora era \u201cQuem Me Levar\u00e1 sou Eu\u201d, de Fagner e Dominguinhos.  Avistei em outro canto da coxia os dois que conversavam animadamente sobre um assunto qualquer, do cotidiano. Perguntei, ent\u00e3o, como se sentiam como ganhadores do grande pr\u00eamio daquele dia. Sorriram, cumprimentaram-se e responderam-me quase que em un\u00edssono:<\/p>\n<p>&#8212; A gente gosta mesmo \u00e9 de tocar e cantar.<\/p>\n<p>E continuaram a prosear, como se nada houvesse, at\u00e9 que fossem chamados ao palco para receber o pr\u00eamio e cantar a linda can\u00e7\u00e3o.<\/p>\n","protected":false},"excerpt":{"rendered":"<p>O blog passou batido pelo anivers\u00e1rio de Jos\u00e9 Domingos de Moraes, dia 12.<\/p>\n<p>Falha imperdo\u00e1vel que agora, humildemente, pretendo reparar.<\/p>\n<p>Dominguinhos, o mais dileto disc\u00edpulo de Gonzag\u00e3o,<\/p>\n","protected":false},"author":1,"featured_media":0,"comment_status":"closed","ping_status":"open","sticky":false,"template":"","format":"standard","meta":{"_exactmetrics_skip_tracking":false,"_uf_show_specific_survey":0,"_uf_disable_surveys":false,"footnotes":""},"categories":[5],"tags":[],"class_list":["post-11847","post","type-post","status-publish","format-standard","hentry","category-blog"],"_links":{"self":[{"href":"http:\/\/rodolfomartino.com.br\/blog\/wp-json\/wp\/v2\/posts\/11847","targetHints":{"allow":["GET"]}}],"collection":[{"href":"http:\/\/rodolfomartino.com.br\/blog\/wp-json\/wp\/v2\/posts"}],"about":[{"href":"http:\/\/rodolfomartino.com.br\/blog\/wp-json\/wp\/v2\/types\/post"}],"author":[{"embeddable":true,"href":"http:\/\/rodolfomartino.com.br\/blog\/wp-json\/wp\/v2\/users\/1"}],"replies":[{"embeddable":true,"href":"http:\/\/rodolfomartino.com.br\/blog\/wp-json\/wp\/v2\/comments?post=11847"}],"version-history":[{"count":1,"href":"http:\/\/rodolfomartino.com.br\/blog\/wp-json\/wp\/v2\/posts\/11847\/revisions"}],"predecessor-version":[{"id":16134,"href":"http:\/\/rodolfomartino.com.br\/blog\/wp-json\/wp\/v2\/posts\/11847\/revisions\/16134"}],"wp:attachment":[{"href":"http:\/\/rodolfomartino.com.br\/blog\/wp-json\/wp\/v2\/media?parent=11847"}],"wp:term":[{"taxonomy":"category","embeddable":true,"href":"http:\/\/rodolfomartino.com.br\/blog\/wp-json\/wp\/v2\/categories?post=11847"},{"taxonomy":"post_tag","embeddable":true,"href":"http:\/\/rodolfomartino.com.br\/blog\/wp-json\/wp\/v2\/tags?post=11847"}],"curies":[{"name":"wp","href":"https:\/\/api.w.org\/{rel}","templated":true}]}}