{"id":11849,"date":"2011-02-20T00:00:00","date_gmt":"2011-02-20T00:00:00","guid":{"rendered":""},"modified":"2017-09-15T19:32:44","modified_gmt":"2017-09-15T19:32:44","slug":"cadeira-de-balanco","status":"publish","type":"post","link":"http:\/\/rodolfomartino.com.br\/blog\/cadeira-de-balanco\/","title":{"rendered":"Cadeira de balan\u00e7o"},"content":{"rendered":"<p>Por que hoje \u00e9 domingo&#8230; <\/p>\n<p>Trago-lhes um brev\u00edssimo trecho da apresenta\u00e7\u00e3o do livro Cadeira de Balan\u00e7o, colet\u00e2neas de cr\u00f4nicas de Carlos Drummond de Andrade, lan\u00e7ado pela Livraria Editora Jos\u00e9 Olympio, nos idos dos anos 60.<\/p>\n<p>Meus cinco ou seis fi\u00e9is leitores cobram por vezes que discorra por algumas tem\u00e1ticas.<\/p>\n<p>A tens\u00e3o nos pa\u00edses do mundo \u00e1rabe, a partir do fim da ditadura no Egito, por exemplo.<\/p>\n<p>J\u00e1 esbocei algumas tentativas de explica\u00e7\u00e3o, mas nenhuma t\u00e3o perfeita como a que li dias desses na obra deste mineiro de Itapira, um dos grandes nomes da nossa literatura:<\/p>\n<p>\u201cA cadeira de balan\u00e7o conv\u00e9m particularmente ao cronista que n\u00e3o \u00e9 um provocador dos fatos, mas espelho deles \u2013 espelho que se permite selecionar as imagens refletidas, pois nem tudo merece ser cronicado, e \u00e0s vezes as coisas exigem mais do que isso, reclamando o ensa\u00edsta ou o articulista especializado.\u201d<\/p>\n<p> Drummond manteve na R\u00e1dio do Minist\u00e9rio da Educa\u00e7\u00e3o um programa aos domingos, com este t\u00edtulo \u201cCadeira de Balan\u00e7o\u201d &#8211; e explicava a origem do nome assim:<\/p>\n<p>\u201cEsta minha cadeira de balan\u00e7o austr\u00edaca \u00e9 mineira leg\u00edtima. Mineiro \u00e9 o balanceio calmo que ela imprime ao corpo, \u00e0s ideias, aos sonhos. N\u00e3o d\u00e1 para adormecer. Favorece o estado contemplativo-meditativo, isento de ambi\u00e7\u00e3o, de amargura e de pressa.\u201d<\/p>\n<p>\u00cata, sapi\u00eancia, s\u00f4&#8230;<\/p>\n<p>\u00c9 por a\u00ed que tento levar meu humilde blogar.<\/p>\n<p>Porque hoje \u00e9 domingo e, por vezes, como ensinou o poeta, a vida precisa mesmo de uma pausa.<\/p>\n","protected":false},"excerpt":{"rendered":"<p>Por que hoje \u00e9 domingo&#8230; <\/p>\n<p>Trago-lhes um brev\u00edssimo trecho da apresenta\u00e7\u00e3o do livro Cadeira de Balan\u00e7o, colet\u00e2neas de cr\u00f4nicas de Carlos Drummond de Andrade, lan\u00e7ado pela Livraria Editora Jos\u00e9 Olympio,<\/p>\n","protected":false},"author":1,"featured_media":0,"comment_status":"closed","ping_status":"open","sticky":false,"template":"","format":"standard","meta":{"_exactmetrics_skip_tracking":false,"_uf_show_specific_survey":0,"_uf_disable_surveys":false,"footnotes":""},"categories":[5],"tags":[],"class_list":["post-11849","post","type-post","status-publish","format-standard","hentry","category-blog"],"_links":{"self":[{"href":"http:\/\/rodolfomartino.com.br\/blog\/wp-json\/wp\/v2\/posts\/11849","targetHints":{"allow":["GET"]}}],"collection":[{"href":"http:\/\/rodolfomartino.com.br\/blog\/wp-json\/wp\/v2\/posts"}],"about":[{"href":"http:\/\/rodolfomartino.com.br\/blog\/wp-json\/wp\/v2\/types\/post"}],"author":[{"embeddable":true,"href":"http:\/\/rodolfomartino.com.br\/blog\/wp-json\/wp\/v2\/users\/1"}],"replies":[{"embeddable":true,"href":"http:\/\/rodolfomartino.com.br\/blog\/wp-json\/wp\/v2\/comments?post=11849"}],"version-history":[{"count":1,"href":"http:\/\/rodolfomartino.com.br\/blog\/wp-json\/wp\/v2\/posts\/11849\/revisions"}],"predecessor-version":[{"id":16132,"href":"http:\/\/rodolfomartino.com.br\/blog\/wp-json\/wp\/v2\/posts\/11849\/revisions\/16132"}],"wp:attachment":[{"href":"http:\/\/rodolfomartino.com.br\/blog\/wp-json\/wp\/v2\/media?parent=11849"}],"wp:term":[{"taxonomy":"category","embeddable":true,"href":"http:\/\/rodolfomartino.com.br\/blog\/wp-json\/wp\/v2\/categories?post=11849"},{"taxonomy":"post_tag","embeddable":true,"href":"http:\/\/rodolfomartino.com.br\/blog\/wp-json\/wp\/v2\/tags?post=11849"}],"curies":[{"name":"wp","href":"https:\/\/api.w.org\/{rel}","templated":true}]}}