{"id":11852,"date":"2011-02-23T00:00:00","date_gmt":"2011-02-23T00:00:00","guid":{"rendered":""},"modified":"2017-09-15T19:32:43","modified_gmt":"2017-09-15T19:32:43","slug":"alegrias-de-quintal","status":"publish","type":"post","link":"http:\/\/rodolfomartino.com.br\/blog\/alegrias-de-quintal\/","title":{"rendered":"Alegrias de quintal"},"content":{"rendered":"<p>Boa noite a todos.<\/p>\n<p>Sejam bem-vindos \u00e0 Universidade Metodista.<\/p>\n<p>Estou feliz, duplamente feliz, por hoje estar aqui, compartilhando esses belos momentos com voc\u00eas, familiares e amigos.<\/p>\n<p>O primeiro motivo de j\u00fabilo \u00e9 que \u2013 vou lhes confessar \u2013 as cola\u00e7\u00f5es de grau s\u00e3o das raras reuni\u00f5es em que um coordenador de curso \u00e9 convidado e, ao final, est\u00e1 de alma lavada enxaguada em sorrisos e promessas de um mundo melhor.  <\/p>\n<p>Hoje aqui multiplico com voc\u00eas a sensa\u00e7\u00e3o \u00e9 de felicidade plena. <\/p>\n<p>Iria dizer \u201cdever cumprido\u201d, mas fico com \u201cfelicidade plena\u201d, pois se encaixa melhor \u00e0 solenidade t\u00e3o bonita.<\/p>\n<p>O segundo motivo \u00e9 receber a honrosa lembran\u00e7a de voc\u00eas, como professor-homenageado ao lado do amigo e tamb\u00e9m professor J\u00falio Ver\u00edssimo, al\u00e9m de dividir essa mesa com not\u00e1veis como o prof. Faro (o patrono) e o prof. Falciano (a paraninfo), o que deixa o velho rep\u00f3rter que um dia fui e o modesto cronista que imagino sempre serei se achando um renomado mestre do saber. <\/p>\n<p>Ali\u00e1s, t\u00e3o ansioso quanto voc\u00eas, estou \u00e1vidos por ouvir a fala dos dois, o que dir\u00e3o do jornalismo de hoje, de ontem; o jornalismo que est\u00e1 por vir em que voc\u00eas ser\u00e3o os protagonistas deste intrincado fazer, indispens\u00e1vel \u00e0s mudan\u00e7as e transforma\u00e7\u00f5es.<\/p>\n<p>Por isso, quero ser breve e desejar a voc\u00eas \u201cum cesto de alegrias de quintal\u201d.<\/p>\n<p>Dizer que a ess\u00eancia da vida est\u00e1 mesmo nas coisas simples, sensatas e sinceras.<\/p>\n<p>E que o tempo, caros, n\u00e3o p\u00e1ra no porto, n\u00e3o apita na curva, n\u00e3o espera ningu\u00e9m&#8230;<\/p>\n<p>Da\u00ed a necessidade de se ir \u00e0 luta, desde j\u00e1.<\/p>\n<p>Jornalismo \u00e9 uma profiss\u00e3o aben\u00e7oada. <\/p>\n<p>Mas, por favor, n\u00e3o esque\u00e7am nunca de se fazerem felizes.<\/p>\n<p>\u00c9 o que importa.<\/p>\n<p>Um abra\u00e7o a todos.<\/p>\n<p>Parab\u00e9ns pela conquista.<br \/>\nA primeira de tantas que certamente est\u00e3o por vir<\/p>\n<p>* Depoimento que fiz durante \u00e0 cola\u00e7\u00e3o de grau da turma de jornalismo \u201cJos\u00e9 Salvador Faro\u201d, realizado na noite de hoje no sal\u00e3o nobre da Universidade Metodista de S\u00e3o Paulo.<\/p>\n","protected":false},"excerpt":{"rendered":"<p>Boa noite a todos.<\/p>\n<p>Sejam bem-vindos \u00e0 Universidade Metodista.<\/p>\n<p>Estou feliz, duplamente feliz, por hoje estar aqui, compartilhando esses belos momentos com voc\u00eas, familiares e amigos.<\/p>\n<p>O primeiro motivo de j\u00fabilo \u00e9 que \u2013 vou lhes confessar \u2013 as cola\u00e7\u00f5es de grau s\u00e3o das raras reuni\u00f5es em que um coordenador de curso \u00e9 convidado e,<\/p>\n","protected":false},"author":1,"featured_media":0,"comment_status":"closed","ping_status":"open","sticky":false,"template":"","format":"standard","meta":{"_exactmetrics_skip_tracking":false,"_uf_show_specific_survey":0,"_uf_disable_surveys":false,"footnotes":""},"categories":[5],"tags":[],"class_list":["post-11852","post","type-post","status-publish","format-standard","hentry","category-blog"],"_links":{"self":[{"href":"http:\/\/rodolfomartino.com.br\/blog\/wp-json\/wp\/v2\/posts\/11852","targetHints":{"allow":["GET"]}}],"collection":[{"href":"http:\/\/rodolfomartino.com.br\/blog\/wp-json\/wp\/v2\/posts"}],"about":[{"href":"http:\/\/rodolfomartino.com.br\/blog\/wp-json\/wp\/v2\/types\/post"}],"author":[{"embeddable":true,"href":"http:\/\/rodolfomartino.com.br\/blog\/wp-json\/wp\/v2\/users\/1"}],"replies":[{"embeddable":true,"href":"http:\/\/rodolfomartino.com.br\/blog\/wp-json\/wp\/v2\/comments?post=11852"}],"version-history":[{"count":1,"href":"http:\/\/rodolfomartino.com.br\/blog\/wp-json\/wp\/v2\/posts\/11852\/revisions"}],"predecessor-version":[{"id":16129,"href":"http:\/\/rodolfomartino.com.br\/blog\/wp-json\/wp\/v2\/posts\/11852\/revisions\/16129"}],"wp:attachment":[{"href":"http:\/\/rodolfomartino.com.br\/blog\/wp-json\/wp\/v2\/media?parent=11852"}],"wp:term":[{"taxonomy":"category","embeddable":true,"href":"http:\/\/rodolfomartino.com.br\/blog\/wp-json\/wp\/v2\/categories?post=11852"},{"taxonomy":"post_tag","embeddable":true,"href":"http:\/\/rodolfomartino.com.br\/blog\/wp-json\/wp\/v2\/tags?post=11852"}],"curies":[{"name":"wp","href":"https:\/\/api.w.org\/{rel}","templated":true}]}}