{"id":11854,"date":"2011-02-25T00:00:00","date_gmt":"2011-02-25T00:00:00","guid":{"rendered":""},"modified":"2017-09-15T19:32:43","modified_gmt":"2017-09-15T19:32:43","slug":"o-dia-em-que-o-levezinho-foi-mais-feliz","status":"publish","type":"post","link":"http:\/\/rodolfomartino.com.br\/blog\/o-dia-em-que-o-levezinho-foi-mais-feliz\/","title":{"rendered":"O dia em que o Levezinho foi mais feliz"},"content":{"rendered":"<p>Em 2009, o atacante Li\u00e9dson se tornou o sexto estrangeiro e \u00faltimo brasileiro a se naturalizar portugu\u00eas para jogar pela sele\u00e7\u00e3o Lusa. Ao contr\u00e1rio de outros brasileiros j\u00e1 naturalizados, o \u201cLevezinho\u201d, como \u00e9 chamado em Portugal pelo seu porte f\u00edsico, j\u00e1 era famoso no Brasil antes de chegar ao pa\u00eds. O jogador teve boas passagens por Coritiba, Flamengo e, por \u00faltimo, Corinthians. Estava muito bem no clube paulista quando resolveu aceitar a proposta do Sporting de Lisboa.<\/p>\n<p>(&#8230;)<\/p>\n<p>Assim, no dia 5 de setembro (de 2009), estreou n\u00e3o em um amistoso como Deco, mas j\u00e1 em uma partida oficial e decisiva. Com necessidade de vencer aquele jogo contra a Dinamarca e tamb\u00e9m com a pouca op\u00e7\u00e3o de atacantes na equipe, o brasileiro foi a solu\u00e7\u00e3o.<\/p>\n<p>(&#8230;)<\/p>\n<p>Portugal perdia da Dinamarca por 1 a 0, e o resultado tirava a sele\u00e7\u00e3o portuguesa da Copa da \u00c1frica. Ent\u00e3o no segundo tempo, a exemplo da estreia deDeco, Li\u00e9dson entrou na partida e, aos 40 minutos, marcou o gol de empate que deu novas esperan\u00e7as ao time portugu\u00eas.<\/p>\n<p>(&#8230;)<\/p>\n<p>E foi na \u00c1frica do Sul que o convocado luso-brasileiro realizou seu maior sonho:<\/p>\n<p>&#8212; Marcar um gol em Copa do Mundo \u00e9 a maior das sensa\u00e7\u00f5es. Nem d\u00e1 para descrever. \u00c9 a realiza\u00e7\u00e3o de um desejo de crian\u00e7a. Estou feliz com a decis\u00e3o que tomei e jamais vou me arrepender. Defendi a sele\u00e7\u00e3o portuguesa, com muito orgulho \u2013 disse Li\u00e9dson ao comentar seu gol, o quinto de Portugal na goleada de 7 a 0 contra a Cor\u00e9ia do Norte.<\/p>\n<p>* Depoimento aos jornalistas F\u00e1bio Ferreira e Graziela Sirtoli, autores do livro-reportagem Paix\u00f5es Brasileiras em Portugal &#8211; Futebol e Telenovela, apresentado como trabalho de conclus\u00e3o do curso de Jornalismo na Universidade Metodista de S\u00e3o Paulo.<\/p>\n","protected":false},"excerpt":{"rendered":"<p>Em 2009, o atacante Li\u00e9dson se tornou o sexto estrangeiro e \u00faltimo brasileiro a se naturalizar portugu\u00eas para jogar pela sele\u00e7\u00e3o Lusa. Ao contr\u00e1rio de outros brasileiros j\u00e1 naturalizados, o \u201cLevezinho\u201d,<\/p>\n","protected":false},"author":1,"featured_media":0,"comment_status":"closed","ping_status":"open","sticky":false,"template":"","format":"standard","meta":{"_exactmetrics_skip_tracking":false,"_uf_show_specific_survey":0,"_uf_disable_surveys":false,"footnotes":""},"categories":[5],"tags":[],"class_list":["post-11854","post","type-post","status-publish","format-standard","hentry","category-blog"],"_links":{"self":[{"href":"http:\/\/rodolfomartino.com.br\/blog\/wp-json\/wp\/v2\/posts\/11854","targetHints":{"allow":["GET"]}}],"collection":[{"href":"http:\/\/rodolfomartino.com.br\/blog\/wp-json\/wp\/v2\/posts"}],"about":[{"href":"http:\/\/rodolfomartino.com.br\/blog\/wp-json\/wp\/v2\/types\/post"}],"author":[{"embeddable":true,"href":"http:\/\/rodolfomartino.com.br\/blog\/wp-json\/wp\/v2\/users\/1"}],"replies":[{"embeddable":true,"href":"http:\/\/rodolfomartino.com.br\/blog\/wp-json\/wp\/v2\/comments?post=11854"}],"version-history":[{"count":1,"href":"http:\/\/rodolfomartino.com.br\/blog\/wp-json\/wp\/v2\/posts\/11854\/revisions"}],"predecessor-version":[{"id":16127,"href":"http:\/\/rodolfomartino.com.br\/blog\/wp-json\/wp\/v2\/posts\/11854\/revisions\/16127"}],"wp:attachment":[{"href":"http:\/\/rodolfomartino.com.br\/blog\/wp-json\/wp\/v2\/media?parent=11854"}],"wp:term":[{"taxonomy":"category","embeddable":true,"href":"http:\/\/rodolfomartino.com.br\/blog\/wp-json\/wp\/v2\/categories?post=11854"},{"taxonomy":"post_tag","embeddable":true,"href":"http:\/\/rodolfomartino.com.br\/blog\/wp-json\/wp\/v2\/tags?post=11854"}],"curies":[{"name":"wp","href":"https:\/\/api.w.org\/{rel}","templated":true}]}}