{"id":11858,"date":"2011-03-01T00:00:00","date_gmt":"2011-03-01T00:00:00","guid":{"rendered":""},"modified":"2017-09-15T19:32:42","modified_gmt":"2017-09-15T19:32:42","slug":"falcao-para-tecnico-do-santos","status":"publish","type":"post","link":"http:\/\/rodolfomartino.com.br\/blog\/falcao-para-tecnico-do-santos\/","title":{"rendered":"Falc\u00e3o, para t\u00e9cnico do Santos"},"content":{"rendered":"<p>Sopa no mel.<\/p>\n<p>Est\u00e1 no home do Uol, reportagem da Folha.com.<\/p>\n<p>\u201cFalc\u00e3o admite ser t\u00e9cnico, ap\u00f3s 16 anos.\u201d<\/p>\n<p>O Santos anda \u00e0 deriva na busca de um treinador.<\/p>\n<p>Procurou Abel Braga, Dunga. Namora Ney Franco, da sele\u00e7\u00e3o sub-20.<\/p>\n<p>V\u00e3s tentativas.<\/p>\n<p>Abel e Dunga disseram n\u00e3o.<\/p>\n<p>Abel, por n\u00e3o aceitar a quebra de contrato que termina em maio com o Al Jazhera.<\/p>\n<p>(Na verdade, dizem, j\u00e1 est\u00e1 apalavrado com o Inter.)<\/p>\n<p>Dunga prefere trabalhar fora do Pa\u00eds.<\/p>\n<p>Espera o fim da temporada na Europa para ver se se confirma proposta de um clube italiano.<\/p>\n<p>Ney Franco, dificilmente, deixar\u00e1 a CBF, mesmo que por meses.<\/p>\n<p>N\u00e3o tem nada a ganhar \u2013 e pode comprometer o bom in\u00edcio de trabalho nas categorias de base da sele\u00e7\u00e3o.<\/p>\n<p>Al\u00e9m da saudade de Dorival J\u00fanior, os dirigentes do Santos (com in\u00edcio de gest\u00e3o t\u00e3o promissor) convivem agora com a aridez de nomes confi\u00e1veis no mercado.<\/p>\n<p>Modestamente, o blogueiro apostaria no reestreia de Paulo Roberto Falc\u00e3o.<\/p>\n<p>Foi um dos grandes nomes do futebol brasileiro da era p\u00f3s Pel\u00e9.<\/p>\n<p>Dizia-se \u00e0 \u00e9poca \u201co jogador total\u201d.<\/p>\n<p>Conhece futebol como poucos.<\/p>\n<p>Um dos raros ex-boleiros que comentam futebol sem ser passional.<\/p>\n<p>Sabe o que diz.<\/p>\n<p>\u00c9 verdade que se precipitou a come\u00e7ar uma carreira, como a de t\u00e9cnico, justamente pelo maior desafio de todos os t\u00e9cnicos: cuidar da sele\u00e7\u00e3o brasileira.<\/p>\n<p>Mesmo assim, fez um trabalho interessante de renova\u00e7\u00e3o.<\/p>\n<p>Os frutos de sua passagem pela CBF se confirmaram em 94.<\/p>\n<p>Seria uma bela jogada v\u00ea-lo \u00e0 frente do Santos de Neymar, Ganso e Cia.<\/p>\n<p>Todos ganhariam. <\/p>\n<p>Os atletas pelo modelo de jogador que Falc\u00e3o um dia foi.<\/p>\n<p>O Santos, que teria um profissional corret\u00edssimo a comandar sua gera\u00e7\u00e3o de ouro.<\/p>\n<p>O futebol, pois ter\u00edamos um nome que preza a \u00e9tica em suas fileiras.<\/p>\n<p>E, por fim, n\u00f3s todos que gostamos do futebol como espet\u00e1culo.<\/p>\n","protected":false},"excerpt":{"rendered":"<p>Sopa no mel.<\/p>\n<p>Est\u00e1 no home do Uol, reportagem da Folha.com.<\/p>\n<p>\u201cFalc\u00e3o admite ser t\u00e9cnico, ap\u00f3s 16 anos.\u201d<\/p>\n<p>O Santos anda \u00e0 deriva na busca de um treinador.<\/p>\n","protected":false},"author":1,"featured_media":0,"comment_status":"closed","ping_status":"open","sticky":false,"template":"","format":"standard","meta":{"_exactmetrics_skip_tracking":false,"_uf_show_specific_survey":0,"_uf_disable_surveys":false,"footnotes":""},"categories":[5],"tags":[],"class_list":["post-11858","post","type-post","status-publish","format-standard","hentry","category-blog"],"_links":{"self":[{"href":"http:\/\/rodolfomartino.com.br\/blog\/wp-json\/wp\/v2\/posts\/11858","targetHints":{"allow":["GET"]}}],"collection":[{"href":"http:\/\/rodolfomartino.com.br\/blog\/wp-json\/wp\/v2\/posts"}],"about":[{"href":"http:\/\/rodolfomartino.com.br\/blog\/wp-json\/wp\/v2\/types\/post"}],"author":[{"embeddable":true,"href":"http:\/\/rodolfomartino.com.br\/blog\/wp-json\/wp\/v2\/users\/1"}],"replies":[{"embeddable":true,"href":"http:\/\/rodolfomartino.com.br\/blog\/wp-json\/wp\/v2\/comments?post=11858"}],"version-history":[{"count":1,"href":"http:\/\/rodolfomartino.com.br\/blog\/wp-json\/wp\/v2\/posts\/11858\/revisions"}],"predecessor-version":[{"id":16123,"href":"http:\/\/rodolfomartino.com.br\/blog\/wp-json\/wp\/v2\/posts\/11858\/revisions\/16123"}],"wp:attachment":[{"href":"http:\/\/rodolfomartino.com.br\/blog\/wp-json\/wp\/v2\/media?parent=11858"}],"wp:term":[{"taxonomy":"category","embeddable":true,"href":"http:\/\/rodolfomartino.com.br\/blog\/wp-json\/wp\/v2\/categories?post=11858"},{"taxonomy":"post_tag","embeddable":true,"href":"http:\/\/rodolfomartino.com.br\/blog\/wp-json\/wp\/v2\/tags?post=11858"}],"curies":[{"name":"wp","href":"https:\/\/api.w.org\/{rel}","templated":true}]}}