{"id":11868,"date":"2011-03-16T00:00:00","date_gmt":"2011-03-16T00:00:00","guid":{"rendered":""},"modified":"2017-09-15T19:32:41","modified_gmt":"2017-09-15T19:32:41","slug":"como-o-por-do-sol-na-montanha-que-ninguem-ve","status":"publish","type":"post","link":"http:\/\/rodolfomartino.com.br\/blog\/como-o-por-do-sol-na-montanha-que-ninguem-ve\/","title":{"rendered":"Como o por do sol na montanha que ningu\u00e9m v\u00ea"},"content":{"rendered":"<p>Uma hist\u00f3ria banal.<\/p>\n<p>De amores que n\u00e3o se cumprem.<\/p>\n<p>Que se perdem como o por do sol na montanha que ningu\u00e9m v\u00ea&#8230;<\/p>\n<p>Encontravam-se quase todos os dias ao acaso.<\/p>\n<p>Cumprimentavam-se. Sorriam.<\/p>\n<p>Vez ou outra se surpreendiam um a olhar o outro, de um jeito morno, quase aflito.<\/p>\n<p>Cortejavam-se.<\/p>\n<p>Em algumas ocasi\u00f5es conversavam sobre tudo e sobre nada.<\/p>\n<p>Deixavam-se ficar \u2013 e era dif\u00edcil quando chegava a hora de ir.<\/p>\n<p>Foi em uma dessas ocasi\u00f5es que, do nada, ela disse que pensava muito nele, mesmo quando estava acompanhada. \u201cMais do que deveria\u201d, refor\u00e7ou, usando adequadamente o verbo no futuro do pret\u00e9rito.<\/p>\n<p>Disse mais:<\/p>\n<p>(Ela estava falante nesse dia.)<\/p>\n<p>&#8212; Sonho com a gente em uma casa com varanda, num lugar legal, junto \u00e0 natureza. Voc\u00ea est\u00e1 lendo dentro da casa. E eu lhe chamo para dividir a rede comigo. \u00c9 uma sensa\u00e7\u00e3o boa que s\u00f3. Engra\u00e7ado que sonho sempre com voc\u00ea dividindo esse para\u00edso comigo. <\/p>\n<p>Sabia que mais cedo ou mais tarde teriam que enfrentar esse momento. Por isso, ele resolve fazer uma delicada provoca\u00e7\u00e3o:<\/p>\n<p>&#8212; Voc\u00ea sonha comigo quando dorme?<\/p>\n<p>&#8212; Sonho com voc\u00ea de olhos fechados e abertos.<\/p>\n<p>Ele d\u00e1 um passo \u00e0 frente, faz men\u00e7\u00e3o de aproximar-se. Com ele n\u00e3o acontece diferente.<\/p>\n<p>Tenta entabular as palavras. <\/p>\n<p>Mas, a mo\u00e7a delicadamente se afasta.<\/p>\n<p>O sil\u00eancio pesa por segundos. <\/p>\n<p>S\u00f3 \u00e9 quebrado pela turma que voltava do almo\u00e7o e se juntou a eles, ruidosa e falastrona.<\/p>\n<p>Todos riem, e nem se d\u00e3o conta do muito\/pouco que houve ali.<\/p>\n<p>Cada qual seguiu para o seu lado, cabisbaixo, cora\u00e7\u00e3o aos trancos; ambos submersos na n\u00e9voa densa das possibilidades imposs\u00edveis.<\/p>\n<p>De amores que n\u00e3o se cumprem.<\/p>\n<p>Que se perdem como o por do sol na montanha que ningu\u00e9m v\u00ea&#8230;<\/p>\n<p>Bem, eu avisei que era uma hist\u00f3ria banal!<\/p>\n","protected":false},"excerpt":{"rendered":"<p>Uma hist\u00f3ria banal.<\/p>\n<p>De amores que n\u00e3o se cumprem.<\/p>\n<p>Que se perdem como o por do sol na montanha que ningu\u00e9m v\u00ea&#8230;<\/p>\n<p>Encontravam-se quase todos os dias ao acaso.<\/p>\n","protected":false},"author":1,"featured_media":0,"comment_status":"closed","ping_status":"open","sticky":false,"template":"","format":"standard","meta":{"_exactmetrics_skip_tracking":false,"_uf_show_specific_survey":0,"_uf_disable_surveys":false,"footnotes":""},"categories":[5],"tags":[],"class_list":["post-11868","post","type-post","status-publish","format-standard","hentry","category-blog"],"_links":{"self":[{"href":"http:\/\/rodolfomartino.com.br\/blog\/wp-json\/wp\/v2\/posts\/11868","targetHints":{"allow":["GET"]}}],"collection":[{"href":"http:\/\/rodolfomartino.com.br\/blog\/wp-json\/wp\/v2\/posts"}],"about":[{"href":"http:\/\/rodolfomartino.com.br\/blog\/wp-json\/wp\/v2\/types\/post"}],"author":[{"embeddable":true,"href":"http:\/\/rodolfomartino.com.br\/blog\/wp-json\/wp\/v2\/users\/1"}],"replies":[{"embeddable":true,"href":"http:\/\/rodolfomartino.com.br\/blog\/wp-json\/wp\/v2\/comments?post=11868"}],"version-history":[{"count":1,"href":"http:\/\/rodolfomartino.com.br\/blog\/wp-json\/wp\/v2\/posts\/11868\/revisions"}],"predecessor-version":[{"id":16113,"href":"http:\/\/rodolfomartino.com.br\/blog\/wp-json\/wp\/v2\/posts\/11868\/revisions\/16113"}],"wp:attachment":[{"href":"http:\/\/rodolfomartino.com.br\/blog\/wp-json\/wp\/v2\/media?parent=11868"}],"wp:term":[{"taxonomy":"category","embeddable":true,"href":"http:\/\/rodolfomartino.com.br\/blog\/wp-json\/wp\/v2\/categories?post=11868"},{"taxonomy":"post_tag","embeddable":true,"href":"http:\/\/rodolfomartino.com.br\/blog\/wp-json\/wp\/v2\/tags?post=11868"}],"curies":[{"name":"wp","href":"https:\/\/api.w.org\/{rel}","templated":true}]}}