{"id":11870,"date":"2011-03-18T00:00:00","date_gmt":"2011-03-18T00:00:00","guid":{"rendered":""},"modified":"2017-09-15T19:32:41","modified_gmt":"2017-09-15T19:32:41","slug":"os-pilares-do-fazer-jornalistico","status":"publish","type":"post","link":"http:\/\/rodolfomartino.com.br\/blog\/os-pilares-do-fazer-jornalistico\/","title":{"rendered":"Os pilares do fazer jornal\u00edstico"},"content":{"rendered":"<p>Aos formandos de jornalismo \u2013 turma Professor Doutor Jos\u00e9 Salvador Faro \u2013, em cerim\u00f4nia de cola\u00e7\u00e3o de grau, realizada ontem no audit\u00f3rio da Universidade Metodista de S\u00e3o Paulo:<\/p>\n<p>Boa noite a todos.<\/p>\n<p>Uma honra estar presente nesta cerim\u00f4nia.<\/p>\n<p>Vou lhes contar uma hist\u00f3ria:<\/p>\n<p>L\u00e1 no mais antigo dos anos, eu trabalhava na revista Afinal (a grosso modo, poderia defini-la como a \u00c9poca do in\u00edcio dos anos 80). Em um fim de tarde, estava eu a batucar o teclado da velha Olivetti, quando o editor de Cultura, S\u00e9rgio Vaz, me chamou e entregou um calhama\u00e7o de recortes sobre Jorge Luiz Borges.<\/p>\n<p>&quot;O homem morreu. Quero duas p\u00e1ginas sobre o tal.&quot;<\/p>\n<p>Para ser sincero, sabia pouco, quase nada do escritor argentino, cego, que, descobri depois, enxergava a vida pelos olhos da mulher, 40 anos mais jovem. <\/p>\n<p>Li aquilo tudo (ou quase) madrugada a dentro e constatei que o poeta era um g\u00eanio, um baita frasista. <\/p>\n<p>Usei um tanto delas para compor o texto.<\/p>\n<p>Uma guardei para sempre \u2013 e repasso hoje para voc\u00eas: <\/p>\n<p>&#8212; A gente pode tudo na vida. S\u00f3 n\u00e3o pode se fazer infeliz!<\/p>\n<p>II.<\/p>\n<p>Tenho raras certezas nesta vida, esta \u2013 ser feliz \u2013 parece incontest\u00e1vel.<\/p>\n<p>A outra \u00e9 que o jornalismo \u2013 onde atuo h\u00e1 quase 40 anos &#8211; vive um momento de transi\u00e7\u00e3o em muitos pontos causados pelo imediatismo da informa\u00e7\u00e3o, pela predomin\u00e2ncia dos ve\u00edculos eletr\u00f4nicos e pela interatividade entre o leitor e quem produz a not\u00edcia que o mundo digital dissemina, sem qualquer controle. <\/p>\n<p>Est\u00e3o a\u00ed blogs, twitters, as tais e quais redes sociais e uma penca de engenhocas capazes de informar ao mesmo tempo em que tamb\u00e9m se informam.<\/p>\n<p>H\u00e1 ganhos e perdas nesses procedimentos. <\/p>\n<p>N\u00e3o cabe a discuss\u00e3o aqui e agora.<\/p>\n<p>Cabe, sim, entender que esses avan\u00e7os s\u00e3o irrevers\u00edveis.<\/p>\n<p>III.<\/p>\n<p>O jornalista, meus caros, n\u00e3o pode esquecer o passado, ausentar-se do presente e, em hip\u00f3tese alguma, temer ou tentar evitar que o amanh\u00e3, que o futuro aconte\u00e7a.<\/p>\n<p>O car\u00e1ter e o senso de interesse p\u00fablico continuar\u00e3o sendo os grandes pilares do fazer jornal\u00edstico, seja qual for a plataforma.<\/p>\n<p>Ali\u00e1s, como sempre foram. Em qualquer tempo.<\/p>\n<p>IV.<\/p>\n<p>\u00c9 o que tenho a lhes dizer.<\/p>\n<p>Al\u00e9m de, \u00f3bvio, lhes repassar o s\u00e1bio conselho de Borges:<\/p>\n<p>Sejam felizes, plenamente felizes, dentro e fora da profiss\u00e3o.<\/p>\n<p>E como determina a pressa das tais e quais redes sociais:<\/p>\n<p>Por favor n\u00e3o adiem a felicidade&#8230;<\/p>\n","protected":false},"excerpt":{"rendered":"<p>Aos formandos de jornalismo \u2013 turma Professor Doutor Jos\u00e9 Salvador Faro \u2013, em cerim\u00f4nia de cola\u00e7\u00e3o de grau, realizada ontem no audit\u00f3rio da Universidade Metodista de S\u00e3o Paulo:<\/p>\n<p>Boa noite a todos.<\/p>\n","protected":false},"author":1,"featured_media":0,"comment_status":"closed","ping_status":"open","sticky":false,"template":"","format":"standard","meta":{"_exactmetrics_skip_tracking":false,"_uf_show_specific_survey":0,"_uf_disable_surveys":false,"footnotes":""},"categories":[5],"tags":[],"class_list":["post-11870","post","type-post","status-publish","format-standard","hentry","category-blog"],"_links":{"self":[{"href":"http:\/\/rodolfomartino.com.br\/blog\/wp-json\/wp\/v2\/posts\/11870","targetHints":{"allow":["GET"]}}],"collection":[{"href":"http:\/\/rodolfomartino.com.br\/blog\/wp-json\/wp\/v2\/posts"}],"about":[{"href":"http:\/\/rodolfomartino.com.br\/blog\/wp-json\/wp\/v2\/types\/post"}],"author":[{"embeddable":true,"href":"http:\/\/rodolfomartino.com.br\/blog\/wp-json\/wp\/v2\/users\/1"}],"replies":[{"embeddable":true,"href":"http:\/\/rodolfomartino.com.br\/blog\/wp-json\/wp\/v2\/comments?post=11870"}],"version-history":[{"count":1,"href":"http:\/\/rodolfomartino.com.br\/blog\/wp-json\/wp\/v2\/posts\/11870\/revisions"}],"predecessor-version":[{"id":16111,"href":"http:\/\/rodolfomartino.com.br\/blog\/wp-json\/wp\/v2\/posts\/11870\/revisions\/16111"}],"wp:attachment":[{"href":"http:\/\/rodolfomartino.com.br\/blog\/wp-json\/wp\/v2\/media?parent=11870"}],"wp:term":[{"taxonomy":"category","embeddable":true,"href":"http:\/\/rodolfomartino.com.br\/blog\/wp-json\/wp\/v2\/categories?post=11870"},{"taxonomy":"post_tag","embeddable":true,"href":"http:\/\/rodolfomartino.com.br\/blog\/wp-json\/wp\/v2\/tags?post=11870"}],"curies":[{"name":"wp","href":"https:\/\/api.w.org\/{rel}","templated":true}]}}