{"id":11876,"date":"2011-03-24T00:00:00","date_gmt":"2011-03-24T00:00:00","guid":{"rendered":""},"modified":"2017-09-15T19:32:40","modified_gmt":"2017-09-15T19:32:40","slug":"a-primeira-das-liberdades","status":"publish","type":"post","link":"http:\/\/rodolfomartino.com.br\/blog\/a-primeira-das-liberdades\/","title":{"rendered":"A primeira das liberdades"},"content":{"rendered":"<p>Boa noite a todos.<\/p>\n<p>Estou feliz de participar da cerim\u00f4nia de hoje e poder dar um grande abra\u00e7o aos nobres formandos.<\/p>\n<p>Certamente um dia inesquec\u00edvel para todos.<\/p>\n<p>Ainda hoje quando volto das cola\u00e7\u00f5es de grau em que participo como coordenador do curso de jornalismo, ou\u00e7o do meu filho que cheguei atrasado na cola\u00e7\u00e3o de grau dele, pois fiquei enroscado no fechamento do jornal em que eu trabalhava.<\/p>\n<p>Ele tamb\u00e9m se formou jornalista, pela Metodista.<\/p>\n<p>Gosto de cit\u00e1-lo nessas ocasi\u00f5es para compensar essa d\u00edvida eterna que tenho para com ele e tamb\u00e9m porque, de alguma forma, tudo de bom na vida que almejo para ele, eu desejo tamb\u00e9m para voc\u00eas.<\/p>\n<p>Vou deixar para os demais oradores as considera\u00e7\u00f5es finais sobre jornalismo e coisa e tal.<\/p>\n<p>Quero apenas lembrar a voc\u00eas que o direito de expressar-se \u00e9 a primeira das liberdades essenciais para que se construa uma s\u00f3lida democracia.<\/p>\n<p>Quando suprimos das pessoas esse direito inalien\u00e1vel, estamos apostando no retrocesso, no obscurantismo.<\/p>\n<p>Felizmente, o Brasil virou essa triste p\u00e1gina da nossa hist\u00f3ria recente.<\/p>\n<p>(Espero que para sempre.)<\/p>\n<p>Voc\u00eas, agora como jornalista, t\u00eam a responsabilidade de preservar \u2013 e aprimorar \u2013essa conquista.<\/p>\n<p>Diria melhor: de ampliar essa conquista para todos os segmentos da sociedade.<\/p>\n<p>Fazer com que as pessoas tenham a coragem grande de dizer sim \u00e0 vida e \u00e0s mudan\u00e7as para um mundo melhor, mais justo, mais contempor\u00e2neo.<\/p>\n<p>Convenhamos, mais do que uma t\u00e9cnica, ser jornalista \u00e9 um dom.<\/p>\n<p>E voc\u00eas s\u00e3o iluminados.<\/p>\n<p>Ficaremos todos, torcendo por voc\u00eas, e \u00e0 espera dessa aben\u00e7oada luz.<\/p>\n<p>* Fala aos formandos de jornalismo durante cola\u00e7\u00e3o de grau realizada hoje no sal\u00e3o nobre da Universidade Metodista de S\u00e3o Paulo<\/p>\n","protected":false},"excerpt":{"rendered":"<p>Boa noite a todos.<\/p>\n<p>Estou feliz de participar da cerim\u00f4nia de hoje e poder dar um grande abra\u00e7o aos nobres formandos.<\/p>\n<p>Certamente um dia inesquec\u00edvel para todos.<\/p>\n","protected":false},"author":1,"featured_media":0,"comment_status":"closed","ping_status":"open","sticky":false,"template":"","format":"standard","meta":{"_exactmetrics_skip_tracking":false,"_uf_show_specific_survey":0,"_uf_disable_surveys":false,"footnotes":""},"categories":[5],"tags":[],"class_list":["post-11876","post","type-post","status-publish","format-standard","hentry","category-blog"],"_links":{"self":[{"href":"http:\/\/rodolfomartino.com.br\/blog\/wp-json\/wp\/v2\/posts\/11876","targetHints":{"allow":["GET"]}}],"collection":[{"href":"http:\/\/rodolfomartino.com.br\/blog\/wp-json\/wp\/v2\/posts"}],"about":[{"href":"http:\/\/rodolfomartino.com.br\/blog\/wp-json\/wp\/v2\/types\/post"}],"author":[{"embeddable":true,"href":"http:\/\/rodolfomartino.com.br\/blog\/wp-json\/wp\/v2\/users\/1"}],"replies":[{"embeddable":true,"href":"http:\/\/rodolfomartino.com.br\/blog\/wp-json\/wp\/v2\/comments?post=11876"}],"version-history":[{"count":1,"href":"http:\/\/rodolfomartino.com.br\/blog\/wp-json\/wp\/v2\/posts\/11876\/revisions"}],"predecessor-version":[{"id":16105,"href":"http:\/\/rodolfomartino.com.br\/blog\/wp-json\/wp\/v2\/posts\/11876\/revisions\/16105"}],"wp:attachment":[{"href":"http:\/\/rodolfomartino.com.br\/blog\/wp-json\/wp\/v2\/media?parent=11876"}],"wp:term":[{"taxonomy":"category","embeddable":true,"href":"http:\/\/rodolfomartino.com.br\/blog\/wp-json\/wp\/v2\/categories?post=11876"},{"taxonomy":"post_tag","embeddable":true,"href":"http:\/\/rodolfomartino.com.br\/blog\/wp-json\/wp\/v2\/tags?post=11876"}],"curies":[{"name":"wp","href":"https:\/\/api.w.org\/{rel}","templated":true}]}}