{"id":11879,"date":"2011-03-27T00:00:00","date_gmt":"2011-03-27T00:00:00","guid":{"rendered":""},"modified":"2017-09-15T19:32:40","modified_gmt":"2017-09-15T19:32:40","slug":"o-pregador-e-os-teletubbies","status":"publish","type":"post","link":"http:\/\/rodolfomartino.com.br\/blog\/o-pregador-e-os-teletubbies\/","title":{"rendered":"O pregador e os teletubbies"},"content":{"rendered":"<p>Pareceu-me um homem de fino trato. <\/p>\n<p>\u00c9 certo que o palet\u00f3 escuro lhe sobrava um tanto nos ombros e a gravata e o colarinho da camisa branca estavam em desalinho. O cabelo estava solidamente penteado \u00e0 custa de muito gel.<\/p>\n<p>Tinha nas m\u00e3os grosso volume, com capa de couro (poderia ser a B\u00edblia?) que consultou por minutos. At\u00e9 que se p\u00f4s a bradar em alto e bom som em plena Pra\u00e7a Ramos de Azevedo.<\/p>\n<p>Fez da escadaria do Teatro Municipal o seu palco. <\/p>\n<p>A princ\u00edpio, poucos lhe deram aten\u00e7\u00e3o. Mas, em minutos, havia ali, \u00e0 sua frente, uma plat\u00e9ia de dezenas de pessoas, subjugada pelo del\u00edrio do pregador:<\/p>\n<p>\u201cS\u00f3 os puros,<br \/>\nos id\u00f4neos,<br \/>\nos iluminados poder\u00e3o<br \/>\nsalvar o mundo.   <\/p>\n<p>Abaixo os tiranos&#8230;<br \/>\nOs d\u00e9spotas&#8230;<br \/>\nOs caudilhos&#8230;<br \/>\nOs ditadores de plant\u00e3o&#8230;<br \/>\nAs for\u00e7as opressoras&#8230;<\/p>\n<p>Abaixo os \u00edmpios&#8230;<br \/>\nOs sect\u00e1rios&#8230;<br \/>\nOs intolerantes&#8230;<br \/>\nOs insidiosos&#8230;<br \/>\nOs cafajestes&#8230;<\/p>\n<p>Abaixo os perdul\u00e1rios&#8230;<br \/>\nOs corruptos&#8230;<br \/>\nOs usurpadores<br \/>\nOs fan\u00e1ticos&#8230;<br \/>\nOs ingratos&#8230;<\/p>\n<p>Abaixo os torturadores&#8230;<br \/>\nOs egoc\u00eantricos&#8230;<br \/>\nE todos aqueles que disseminam<br \/>\na mis\u00e9ria, a ignor\u00e2ncia<br \/>\ne o caos social&#8230;<\/p>\n<p>Abaixo os chatos do stand up&#8230;<br \/>\nOs apresentadores de TV&#8230;<br \/>\nOs narradores esportivos&#8230;<\/p>\n<p>Abaixo os teletubbies<br \/>\nE os twitteiros.\u201d<\/p>\n<p>E nada mais disse. Saiu entre vaias e aplausos. Levar sua mensagem a outros povos, em outras pra\u00e7as.<\/p>\n<p>Fiquei tentado a subir a mesma escadaria em completar a lista, incluindo os pagodeiros, os breganejos e as cantoras ax\u00e9.<\/p>\n<p>Mas, me contive. Ainda n\u00e3o \u00e9 hora de radicalizar.<\/p>\n","protected":false},"excerpt":{"rendered":"<p>Pareceu-me um homem de fino trato. <\/p>\n<p>\u00c9 certo que o palet\u00f3 escuro lhe sobrava um tanto nos ombros e a gravata e o colarinho da camisa branca estavam em desalinho.<\/p>\n","protected":false},"author":1,"featured_media":0,"comment_status":"closed","ping_status":"open","sticky":false,"template":"","format":"standard","meta":{"_exactmetrics_skip_tracking":false,"_uf_show_specific_survey":0,"_uf_disable_surveys":false,"footnotes":""},"categories":[5],"tags":[],"class_list":["post-11879","post","type-post","status-publish","format-standard","hentry","category-blog"],"_links":{"self":[{"href":"http:\/\/rodolfomartino.com.br\/blog\/wp-json\/wp\/v2\/posts\/11879","targetHints":{"allow":["GET"]}}],"collection":[{"href":"http:\/\/rodolfomartino.com.br\/blog\/wp-json\/wp\/v2\/posts"}],"about":[{"href":"http:\/\/rodolfomartino.com.br\/blog\/wp-json\/wp\/v2\/types\/post"}],"author":[{"embeddable":true,"href":"http:\/\/rodolfomartino.com.br\/blog\/wp-json\/wp\/v2\/users\/1"}],"replies":[{"embeddable":true,"href":"http:\/\/rodolfomartino.com.br\/blog\/wp-json\/wp\/v2\/comments?post=11879"}],"version-history":[{"count":1,"href":"http:\/\/rodolfomartino.com.br\/blog\/wp-json\/wp\/v2\/posts\/11879\/revisions"}],"predecessor-version":[{"id":16102,"href":"http:\/\/rodolfomartino.com.br\/blog\/wp-json\/wp\/v2\/posts\/11879\/revisions\/16102"}],"wp:attachment":[{"href":"http:\/\/rodolfomartino.com.br\/blog\/wp-json\/wp\/v2\/media?parent=11879"}],"wp:term":[{"taxonomy":"category","embeddable":true,"href":"http:\/\/rodolfomartino.com.br\/blog\/wp-json\/wp\/v2\/categories?post=11879"},{"taxonomy":"post_tag","embeddable":true,"href":"http:\/\/rodolfomartino.com.br\/blog\/wp-json\/wp\/v2\/tags?post=11879"}],"curies":[{"name":"wp","href":"https:\/\/api.w.org\/{rel}","templated":true}]}}