{"id":11880,"date":"2011-03-28T00:00:00","date_gmt":"2011-03-28T00:00:00","guid":{"rendered":""},"modified":"2017-09-15T19:32:40","modified_gmt":"2017-09-15T19:32:40","slug":"o-sonho-e-a-utopia","status":"publish","type":"post","link":"http:\/\/rodolfomartino.com.br\/blog\/o-sonho-e-a-utopia\/","title":{"rendered":"O sonho e a utopia"},"content":{"rendered":"<p>Nossa profiss\u00e3o n\u00e3o existe sem o sonho e a utopia de um mundo melhor. L\u00e1 no mais antigo dos anos, ainda estudante de jornalismo na Escola de Comunica\u00e7\u00e3o e Artes da Universidade de S\u00e3o Paulo, fui parar num congresso de estudantes em Curitiba. D\u00e9cada de 70, provavelmente atr\u00e1s de alguma mo\u00e7a que nunca encontrei. Um jeito bom de sonhar tamb\u00e9m. Mas, o que eu queria dizer \u00e9 que l\u00e1 ouvi o octogen\u00e1rio bispo de Olinda, dom H\u00e9lder C\u00e2mara, dar uma li\u00e7\u00e3o de vida e coragem aos jovens em pleno per\u00edodo ditatorial.<\/p>\n<p>Ele citou uma frase que o mago Raul Seixas transformou em letra de m\u00fasica, tempos depois:<\/p>\n<p>\u201cSonho que sonha s\u00f3 \u00e9 s\u00f3 um sonho que se sonha s\u00f3. Sonho que se sonha junto \u00e9 realidade.\u201d<\/p>\n<p>Esse poema\/can\u00e7\u00e3o continua valendo. <\/p>\n<p>O pa\u00eds precisa daqueles que ousem sonhar.<\/p>\n<p>O pa\u00eds precisa daqueles que ousem transformar o sonho em realidade.<\/p>\n<p>\u2022 Trecho do artigo \u201cNossa Profiss\u00e3o N\u00e3o Existe Sem o Sonho e a Utopia De Um Melhor\u201d que escrevi para a colet\u00e2nea \u201cProfiss\u00e3o Professor. Um Painel de Casos e Opini\u00f5es\u201d, lan\u00e7ado pela Cia. Dos Livros, com organiza\u00e7\u00e3o do professor Jos\u00e9 Predebon. Trata-se, segundo o organizador, de \u201cmanifesto instigante e pungente da realidade docente do Brasil do s\u00e9culo XXI\u201d.<\/p>\n","protected":false},"excerpt":{"rendered":"<p>Nossa profiss\u00e3o n\u00e3o existe sem o sonho e a utopia de um mundo melhor. L\u00e1 no mais antigo dos anos, ainda estudante de jornalismo na Escola de Comunica\u00e7\u00e3o e Artes da Universidade de S\u00e3o Paulo,<\/p>\n","protected":false},"author":1,"featured_media":0,"comment_status":"closed","ping_status":"open","sticky":false,"template":"","format":"standard","meta":{"_exactmetrics_skip_tracking":false,"_uf_show_specific_survey":0,"_uf_disable_surveys":false,"footnotes":""},"categories":[5],"tags":[],"class_list":["post-11880","post","type-post","status-publish","format-standard","hentry","category-blog"],"_links":{"self":[{"href":"http:\/\/rodolfomartino.com.br\/blog\/wp-json\/wp\/v2\/posts\/11880","targetHints":{"allow":["GET"]}}],"collection":[{"href":"http:\/\/rodolfomartino.com.br\/blog\/wp-json\/wp\/v2\/posts"}],"about":[{"href":"http:\/\/rodolfomartino.com.br\/blog\/wp-json\/wp\/v2\/types\/post"}],"author":[{"embeddable":true,"href":"http:\/\/rodolfomartino.com.br\/blog\/wp-json\/wp\/v2\/users\/1"}],"replies":[{"embeddable":true,"href":"http:\/\/rodolfomartino.com.br\/blog\/wp-json\/wp\/v2\/comments?post=11880"}],"version-history":[{"count":1,"href":"http:\/\/rodolfomartino.com.br\/blog\/wp-json\/wp\/v2\/posts\/11880\/revisions"}],"predecessor-version":[{"id":16101,"href":"http:\/\/rodolfomartino.com.br\/blog\/wp-json\/wp\/v2\/posts\/11880\/revisions\/16101"}],"wp:attachment":[{"href":"http:\/\/rodolfomartino.com.br\/blog\/wp-json\/wp\/v2\/media?parent=11880"}],"wp:term":[{"taxonomy":"category","embeddable":true,"href":"http:\/\/rodolfomartino.com.br\/blog\/wp-json\/wp\/v2\/categories?post=11880"},{"taxonomy":"post_tag","embeddable":true,"href":"http:\/\/rodolfomartino.com.br\/blog\/wp-json\/wp\/v2\/tags?post=11880"}],"curies":[{"name":"wp","href":"https:\/\/api.w.org\/{rel}","templated":true}]}}