{"id":11882,"date":"2011-03-30T00:00:00","date_gmt":"2011-03-30T00:00:00","guid":{"rendered":""},"modified":"2017-09-15T19:32:40","modified_gmt":"2017-09-15T19:32:40","slug":"o-hospede","status":"publish","type":"post","link":"http:\/\/rodolfomartino.com.br\/blog\/o-hospede\/","title":{"rendered":"O h\u00f3spede"},"content":{"rendered":"<p>No jornal, o Alceb\u00edades era figura querida.<\/p>\n<p>Viera do interior, trabalhara um tempo com a gente.<\/p>\n<p>Entre n\u00f3s, como s\u00f3 e acontecer, ganhou o apelido de Bide.<\/p>\n<p>Gostava de cantar. E era uma das alegrias das nossas festas e noitadas.<\/p>\n<p>Tinha um vozeir\u00e3o, no melhor estilo N\u00e9lson Gon\u00e7alves.<\/p>\n<p>A vida do Bide, na verdade, n\u00e3o era o jornal.<\/p>\n<p>Como disse, gostava de cantar.<\/p>\n<p>Ali\u00e1s, de tanto cantar, acabou por encantar uma mo\u00e7a dos arredores.<\/p>\n<p>Apaixonou-se, juntou os trapinhos \u2013 e resolveu voltar, de bra\u00e7os dados com sua amada, para a pequena cidade de onde viera.<\/p>\n<p>Leme, se n\u00e3o me engano.<\/p>\n<p>Coisa de ano e tanto, Bide precisou vir para S\u00e3o Paulo \u2013 e foi nos visitar na velha reda\u00e7\u00e3o de piso assoalhado e grandes janel\u00f5es para a trepidante rua Bom Pastor.<\/p>\n<p>Ficamos felizes ao rever o grande amigo \u2013 e ele tamb\u00e9m.<\/p>\n<p>Fechamos a edi\u00e7\u00e3o do jornal \u2013 Bide ainda deu uns pitacos, como nos velhos tempos \u2013 e fomos acabar a noite no boteco de costume, onde Bide deitou o vozeir\u00e3o, madrugada a dentro, acompanhado pelo velho Itagiba (gr\u00e1fico dos bons) ao pandeiro.<\/p>\n<p>Na hora das despedidas, Bide fez o que reza a cartilha do politicamente correto.<\/p>\n<p>&#8212; Minha humilde casa em Leme est\u00e1 de portas abertas para os amigos. Quando quiserem me visitar, ser\u00e1 uma honra hosped\u00e1-los.<\/p>\n<p>Dias depois, soubemos que Devito, um dos boys da Reda\u00e7\u00e3o, pediu f\u00e9rias, repentinamente.<\/p>\n<p>Ningu\u00e9m teve a percep\u00e7\u00e3o de ligar l\u00e9 com cr\u00e9.<\/p>\n<p>A ficha s\u00f3 foi nos cair quando recebemos um telefonema desesperado de Bide.<\/p>\n<p>&#8212; Gente do c\u00e9u! Algu\u00e9m pode dizer quando termina a licen\u00e7a do Devito. Faz mais de m\u00eas que o marmanjo se instalou em minha casa. Come e dorme \u2013 e n\u00e3o d\u00e1 sinais que vai embora t\u00e3o cedo.<\/p>\n<p>Bide, Devito e tantos outros. At\u00e9 parece que a velha reda\u00e7\u00e3o fora constru\u00edda com a\u00e7ucar de atrair figuras, malucos-belezas&#8230;<\/p>\n","protected":false},"excerpt":{"rendered":"<p>No jornal, o Alceb\u00edades era figura querida.<\/p>\n<p>Viera do interior, trabalhara um tempo com a gente.<\/p>\n<p>Entre n\u00f3s, como s\u00f3 e acontecer, ganhou o apelido de Bide.<\/p>\n","protected":false},"author":1,"featured_media":0,"comment_status":"closed","ping_status":"open","sticky":false,"template":"","format":"standard","meta":{"_exactmetrics_skip_tracking":false,"_uf_show_specific_survey":0,"_uf_disable_surveys":false,"footnotes":""},"categories":[5],"tags":[],"class_list":["post-11882","post","type-post","status-publish","format-standard","hentry","category-blog"],"_links":{"self":[{"href":"http:\/\/rodolfomartino.com.br\/blog\/wp-json\/wp\/v2\/posts\/11882","targetHints":{"allow":["GET"]}}],"collection":[{"href":"http:\/\/rodolfomartino.com.br\/blog\/wp-json\/wp\/v2\/posts"}],"about":[{"href":"http:\/\/rodolfomartino.com.br\/blog\/wp-json\/wp\/v2\/types\/post"}],"author":[{"embeddable":true,"href":"http:\/\/rodolfomartino.com.br\/blog\/wp-json\/wp\/v2\/users\/1"}],"replies":[{"embeddable":true,"href":"http:\/\/rodolfomartino.com.br\/blog\/wp-json\/wp\/v2\/comments?post=11882"}],"version-history":[{"count":1,"href":"http:\/\/rodolfomartino.com.br\/blog\/wp-json\/wp\/v2\/posts\/11882\/revisions"}],"predecessor-version":[{"id":16099,"href":"http:\/\/rodolfomartino.com.br\/blog\/wp-json\/wp\/v2\/posts\/11882\/revisions\/16099"}],"wp:attachment":[{"href":"http:\/\/rodolfomartino.com.br\/blog\/wp-json\/wp\/v2\/media?parent=11882"}],"wp:term":[{"taxonomy":"category","embeddable":true,"href":"http:\/\/rodolfomartino.com.br\/blog\/wp-json\/wp\/v2\/categories?post=11882"},{"taxonomy":"post_tag","embeddable":true,"href":"http:\/\/rodolfomartino.com.br\/blog\/wp-json\/wp\/v2\/tags?post=11882"}],"curies":[{"name":"wp","href":"https:\/\/api.w.org\/{rel}","templated":true}]}}