{"id":11884,"date":"2011-04-01T00:00:00","date_gmt":"2011-04-01T00:00:00","guid":{"rendered":""},"modified":"2017-09-15T19:32:39","modified_gmt":"2017-09-15T19:32:39","slug":"90-dias","status":"publish","type":"post","link":"http:\/\/rodolfomartino.com.br\/blog\/90-dias\/","title":{"rendered":"90 dias"},"content":{"rendered":"<p>Antecipo-me \u00e0 regra do jogo jornal\u00edstico \u2013 de registro com grandes reportagens os 100 dias do governo Dilma \u2013 e falo sobre o assunto hoje quando a presidente vive o nonag\u00e9simo primeiro dia de seu mandato.<\/p>\n<p>O motivo \u00e9 simplinho de tudo.<\/p>\n<p>H\u00e1 um sentimento de otimismo que se espraia pelo Pa\u00eds.<\/p>\n<p>Os noticiosos sa\u00fadam hoje os 73 de aprova\u00e7\u00e3o popular da presidenta Dilma, apontados por pesquisa realizada pelo Ibope.<\/p>\n<p>Melhor assim.<\/p>\n<p>II.<\/p>\n<p>Esse clima de estabilidade \u00e9 fundamental.<\/p>\n<p>Vozes destoantes anunciam o regurgitar do monstro da infla\u00e7\u00e3o.<\/p>\n<p>(Sai fora. Toc, toc, toc&#8230;)<\/p>\n<p>Nossa f\u00e9 no futuro, por\u00e9m, parece inabal\u00e1vel.<\/p>\n<p>III.<\/p>\n<p>Caros, vivemos um per\u00edodo dos mais promissores.<\/p>\n<p>Para nosso regozijo, a presidenta Dilma \u00e9 bem mais convincente do que a candidata Dilma.<\/p>\n<p>Com sobriedade e eleg\u00e2ncia, tem se sa\u00eddo muito bem nas diversas circunst\u00e2ncias que enfrentou. Seja na participa\u00e7\u00e3o do programa de estreia da apresentadora Hebe Camargo na Rede TV, seja na recep\u00e7\u00e3o ao presidente americano Barak Obama. Que, diga-se, ficou bem impressionado com a mandat\u00e1ria do Brasil.<\/p>\n<p>No mais, foi firme e forte no bra\u00e7o de ferro com o PMDB na divis\u00e3o dos cargos de apoio ao Governo. E mostra que o equil\u00edbrio e a sensatez s\u00e3o os fatores que mais pesam em suas decis\u00f5es.<\/p>\n<p>IV.<\/p>\n<p>Ali\u00e1s, tenho acompanhado, com algum espanto, que alguns jornais tentam enaltec\u00ea-la em aspectos que, aparentemente, s\u00e3o conflituosos com a postura do ex-presidente Lula. <\/p>\n<p>O recente epis\u00f3dio do Ir\u00e3 \u00e9 um belo exemplo.<\/p>\n<p>Felizmente para o Brasil, n\u00e3o h\u00e1 rota de colis\u00e3o entre eles.<\/p>\n<p>Se me permitem um palpite, n\u00e3o creio que isto, um dia, venha a acontecer.<\/p>\n<p>Pois, olhem que, a seu modo, Lula tamb\u00e9m est\u00e1 se saindo um \u00f3timo ex-presidente.<\/p>\n<p>Vida que segue&#8230;<\/p>\n","protected":false},"excerpt":{"rendered":"<p>Antecipo-me \u00e0 regra do jogo jornal\u00edstico \u2013 de registro com grandes reportagens os 100 dias do governo Dilma \u2013 e falo sobre o assunto hoje quando a presidente vive o nonag\u00e9simo primeiro dia de seu mandato.<\/p>\n","protected":false},"author":1,"featured_media":0,"comment_status":"closed","ping_status":"open","sticky":false,"template":"","format":"standard","meta":{"_exactmetrics_skip_tracking":false,"_uf_show_specific_survey":0,"_uf_disable_surveys":false,"footnotes":""},"categories":[5],"tags":[],"class_list":["post-11884","post","type-post","status-publish","format-standard","hentry","category-blog"],"_links":{"self":[{"href":"http:\/\/rodolfomartino.com.br\/blog\/wp-json\/wp\/v2\/posts\/11884","targetHints":{"allow":["GET"]}}],"collection":[{"href":"http:\/\/rodolfomartino.com.br\/blog\/wp-json\/wp\/v2\/posts"}],"about":[{"href":"http:\/\/rodolfomartino.com.br\/blog\/wp-json\/wp\/v2\/types\/post"}],"author":[{"embeddable":true,"href":"http:\/\/rodolfomartino.com.br\/blog\/wp-json\/wp\/v2\/users\/1"}],"replies":[{"embeddable":true,"href":"http:\/\/rodolfomartino.com.br\/blog\/wp-json\/wp\/v2\/comments?post=11884"}],"version-history":[{"count":1,"href":"http:\/\/rodolfomartino.com.br\/blog\/wp-json\/wp\/v2\/posts\/11884\/revisions"}],"predecessor-version":[{"id":16097,"href":"http:\/\/rodolfomartino.com.br\/blog\/wp-json\/wp\/v2\/posts\/11884\/revisions\/16097"}],"wp:attachment":[{"href":"http:\/\/rodolfomartino.com.br\/blog\/wp-json\/wp\/v2\/media?parent=11884"}],"wp:term":[{"taxonomy":"category","embeddable":true,"href":"http:\/\/rodolfomartino.com.br\/blog\/wp-json\/wp\/v2\/categories?post=11884"},{"taxonomy":"post_tag","embeddable":true,"href":"http:\/\/rodolfomartino.com.br\/blog\/wp-json\/wp\/v2\/tags?post=11884"}],"curies":[{"name":"wp","href":"https:\/\/api.w.org\/{rel}","templated":true}]}}