{"id":11890,"date":"2011-04-07T00:00:00","date_gmt":"2011-04-07T00:00:00","guid":{"rendered":""},"modified":"2017-09-15T19:32:39","modified_gmt":"2017-09-15T19:32:39","slug":"o-saudosista","status":"publish","type":"post","link":"http:\/\/rodolfomartino.com.br\/blog\/o-saudosista\/","title":{"rendered":"O saudosista"},"content":{"rendered":"<p>Sou um saudosista.<\/p>\n<p>\u00c9 o que diz o amigo. No que falo e no que escrevo, ele ressalta na mesa do Caf\u00e9 onde esperamos dar a hora para a primeira aula. <\/p>\n<p>Est\u00e1 convicto do que pensa e imagina ser um alerta a este humilde escriba.<\/p>\n<p>Resolvo provoc\u00e1-lo. Por for\u00e7a do h\u00e1bito e do of\u00edcio. <\/p>\n<p>Jornalista d\u00e1 um doce por uma boa pol\u00eamica, e negocia a travessa toda por uma boa pauta.<\/p>\n<p>Replico, com ar indiferente:<\/p>\n<p>&#8212; Me d\u00ea um bom motivo para n\u00e3o ser saudosista.<\/p>\n<p>Ele j\u00e1 entrou nos 50; portanto, sei bem, n\u00e3o lida com desenvoltura com os usos e costumes da mo\u00e7ada. Usos e costumes que se transformam dia a dia, ali\u00e1s. Sempre h\u00e1 uma novidade estourando por aqui e por ali. \u00c9 dif\u00edcil para n\u00f3s, os mais rodados, habituarmos \u00e0s mutantes regras do jogo.<\/p>\n<p>Aproveito, enquanto ele faz cara de conte\u00fado, para estabelecer alguns aspectos da quest\u00e3o:<\/p>\n<p>&#8212; Na m\u00fasica, Beatles. No cinema, Fellini. Nas artes em geral. Nos esportes, Pel\u00e9, Man\u00e9, \u00c9der Jofre&#8230;<\/p>\n<p> Ele desiste da resposta.<\/p>\n<p>Sabe que tenho um tanto de raz\u00e3o em ser assim.<\/p>\n<p>Afinal, ele tamb\u00e9m tem um tempo de estrada \u2013 e seguramente boas lembran\u00e7as da jornada.<\/p>\n<p>Mudamos de assunto no exato instante em que conferi a data estampada no calend\u00e1rio no espelho atr\u00e1s do balc\u00e3o: 7 de abril de 2011. <\/p>\n<p>Lembrei: h\u00e1 exatos 25 anos eu desembarcava em Madri na minha primeira viagem internacional.<\/p>\n<p>Indiferente ao meu devaneio e contando com a minha enganosa aten\u00e7\u00e3o, o amigo comentava a rodada de ontem da Copa do Brasil. Corintiano que \u00e9, criticava a soberba de Rog\u00e9rio Ceni na cobran\u00e7a do p\u00eanalti, com cavadinha (que o goleiro do Santa Cruz defendeu).<\/p>\n<p>&#8212; Isso \u00e9 coisa de quem sabe: Djalminha, Marcelinho Carioca, L\u00f4co Abreu&#8230;<\/p>\n<p>Pensei em interromp\u00ea-lo para dissertar sobre minhas primeiras impress\u00f5es ao perambular pela bela capital espanhola.<\/p>\n<p>Desisti.<\/p>\n<p>Ele iria surtar.<\/p>\n<p>Me chamaria de saudosista.<\/p>\n<p>E a\u00ed voltar\u00edamos ao come\u00e7o do texto&#8230;<\/p>\n","protected":false},"excerpt":{"rendered":"<p>Sou um saudosista.<\/p>\n<p>\u00c9 o que diz o amigo. No que falo e no que escrevo, ele ressalta na mesa do Caf\u00e9 onde esperamos dar a hora para a primeira aula.<\/p>\n","protected":false},"author":1,"featured_media":0,"comment_status":"closed","ping_status":"open","sticky":false,"template":"","format":"standard","meta":{"_exactmetrics_skip_tracking":false,"_uf_show_specific_survey":0,"_uf_disable_surveys":false,"footnotes":""},"categories":[5],"tags":[],"class_list":["post-11890","post","type-post","status-publish","format-standard","hentry","category-blog"],"_links":{"self":[{"href":"http:\/\/rodolfomartino.com.br\/blog\/wp-json\/wp\/v2\/posts\/11890","targetHints":{"allow":["GET"]}}],"collection":[{"href":"http:\/\/rodolfomartino.com.br\/blog\/wp-json\/wp\/v2\/posts"}],"about":[{"href":"http:\/\/rodolfomartino.com.br\/blog\/wp-json\/wp\/v2\/types\/post"}],"author":[{"embeddable":true,"href":"http:\/\/rodolfomartino.com.br\/blog\/wp-json\/wp\/v2\/users\/1"}],"replies":[{"embeddable":true,"href":"http:\/\/rodolfomartino.com.br\/blog\/wp-json\/wp\/v2\/comments?post=11890"}],"version-history":[{"count":1,"href":"http:\/\/rodolfomartino.com.br\/blog\/wp-json\/wp\/v2\/posts\/11890\/revisions"}],"predecessor-version":[{"id":16091,"href":"http:\/\/rodolfomartino.com.br\/blog\/wp-json\/wp\/v2\/posts\/11890\/revisions\/16091"}],"wp:attachment":[{"href":"http:\/\/rodolfomartino.com.br\/blog\/wp-json\/wp\/v2\/media?parent=11890"}],"wp:term":[{"taxonomy":"category","embeddable":true,"href":"http:\/\/rodolfomartino.com.br\/blog\/wp-json\/wp\/v2\/categories?post=11890"},{"taxonomy":"post_tag","embeddable":true,"href":"http:\/\/rodolfomartino.com.br\/blog\/wp-json\/wp\/v2\/tags?post=11890"}],"curies":[{"name":"wp","href":"https:\/\/api.w.org\/{rel}","templated":true}]}}