{"id":12158,"date":"2011-01-23T00:00:00","date_gmt":"2011-01-23T00:00:00","guid":{"rendered":""},"modified":"2017-09-14T03:55:52","modified_gmt":"2017-09-14T03:55:52","slug":"a-cidade-onde-moro","status":"publish","type":"post","link":"http:\/\/rodolfomartino.com.br\/blog\/a-cidade-onde-moro\/","title":{"rendered":"A cidade onde moro *"},"content":{"rendered":"<p>Vale para este humilde blogueiro. <\/p>\n<p>Vale para quem, por descuido ou fantasia, l\u00ea essas maltra\u00e7adas.<\/p>\n<p>Seguinte: <\/p>\n<p>Quem descansou, descansou. <\/p>\n<p>Quem n\u00e3o descansou, s\u00f3 nas pr\u00f3ximas f\u00e9rias.<\/p>\n<p>Retorno ao blog falando da cidade onde moro e que voltou ao notici\u00e1rio no in\u00edcio deste ano, pois hoje aqui reside o mais ilustre dos brasileiros.<\/p>\n<p>II.<\/p>\n<p>Vim para S\u00e3o Bernardo do Campo no s\u00e9culo passado, em 79. <\/p>\n<p>1979.<\/p>\n<p>Explico logo. <\/p>\n<p>N\u00e3o foi a mobiliza\u00e7\u00e3o dos metal\u00fargicos do ABC, comandada por um l\u00edder sindical, de nome Luiz In\u00e1cio Lula da Silva, que para c\u00e1 me trouxe.<\/p>\n<p>Estava mesmo fugindo dos alugu\u00e9is.<\/p>\n<p>III.<\/p>\n<p>Revivam a cena comigo.<\/p>\n<p>Morava no Ipiranga, em S\u00e3o Paulo.<\/p>\n<p>Era um dia 10 desses que se perdeu no tempo.<\/p>\n<p>Naqueles idos de 78, o pagamento era feito em esp\u00e9cie devidamente acomodado em um meigo envelope de tom s\u00e9pia.<\/p>\n<p>Ganhava em torno de 900 cruzeiros \u2013 desconfio que era essa a moeda de ent\u00e3o \u2013 por um m\u00eas de denodado trabalho como rep\u00f3rter.<\/p>\n<p>N\u00e3o era muito, mas tamb\u00e9m estava longe de ser uma merreca qualquer. <\/p>\n<p>IV.<\/p>\n<p>Sa\u00ed da reda\u00e7\u00e3o cheio de planos para gastar a grana. Um bom restaurante depois do cinema, quem sabe instalar um toca-fita na potente Bras\u00edlia azul-calcinha que eu tinha ou mesmo visitar a La Pizzanina, na rua Augusta, para compra um pisante novo, repleto de estilo.<\/p>\n<p>Puro devaneio.<\/p>\n<p>Mal entro em casa \u2013 e quem me espera?<\/p>\n<p>Quem? Quem?<\/p>\n<p>O simp\u00e1tico locador do im\u00f3vel da rua Thabor.<\/p>\n<p>Era dia 10 para ele tamb\u00e9m.<\/p>\n<p>Resultado.<\/p>\n<p>Levou meus sonhos e sete das nove notas de 100 que eu trazia.<\/p>\n<p>Duzentinho era tudo o que me restar\u00e1 para tocar minha vida de rec\u00e9m-casado pelos pr\u00f3ximos 30 dias.<\/p>\n<p>V.<\/p>\n<p>A ficha caiu depois desse fim de tarde.<\/p>\n<p>Melhor mesmo seria ir atr\u00e1s da sonhada casa pr\u00f3pria.<\/p>\n<p>Mesmo que demorasse 20 anos \u2013 como de fato aconteceu \u2013 estaria pagando algo que era meu.<\/p>\n<p>Ouvia essa lengalenga de todos.<\/p>\n<p>Resolvi topar.<br \/>\nVI.<\/p>\n<p>Detalhe.<\/p>\n<p>N\u00e3o havia financiamento do BNH para im\u00f3veis usados.<\/p>\n<p>Quem viveu esse tempo deve se lembrar.<\/p>\n<p>Em Sampa, quando se achava algo em constru\u00e7\u00e3o, era fora do meu aporte salarial. <\/p>\n<p>J\u00e1 S\u00e3o Bernardo do Campo vivia uma \u2018explos\u00e3o\u2019 em termos imobili\u00e1rios.<\/p>\n<p>N\u00e3o foi dif\u00edcil arranjar um sobradinho na pinta, numa rua sem-sa\u00edda, mas bem acolhedora no km 18 da via Anchieta.<\/p>\n<p>VII.<\/p>\n<p>Tirei de letra morar no ABC.<\/p>\n<p>Trabalhava no Ipiranga. O tr\u00e2nsito n\u00e3o era t\u00e3o \u2018pegado\u2019 como o de hoje.<\/p>\n<p>Quinze, vinte minutos de Anchieta \u2013 e logo estava na reda\u00e7\u00e3o.<\/p>\n<p>Ademais, ganhei um bel\u00edssimo argumento que logo apresentava a quem torcia o nariz sobre o lugar da minha nova moradia.<\/p>\n<p>Embalado pelas manifesta\u00e7\u00f5es dos metal\u00fargicos contra a ditadura em que viv\u00edamos, o jornalista Mino Carta escreveu em um de seus not\u00e1veis artigos que S\u00e3o Bernardo era a \u00fanica cidade contempor\u00e2nea do Brasil.<\/p>\n<p>Como desdizer um dos principais jornalistas do s\u00e9culo 20?<\/p>\n<p>VIII.<\/p>\n<p>Querem mais.<\/p>\n<p>Em 85, ganhei outro argumento irrefut\u00e1vel.<\/p>\n<p>Nas urnas, os paulistanos consagraram o retrocesso ao eleger J\u00e2nio Quadros prefeito de S\u00e3o Paulo.<\/p>\n<p>Foi o que bastou.<\/p>\n<p>&#8212; Por isso, o meu auto-ex\u00edlio em S\u00e3o Bernardo, meus caros. <\/p>\n<p>Convenhamos.<\/p>\n<p>Eu tinha l\u00e1 minhas raz\u00f5es. N\u00e3o d\u00e1 para morar em uma cidade que, no ano em que o Pa\u00eds consegue se livrar de uma ditadura barra-pesada, escolhe o mais conservador dos candidatos para prefeito.<\/p>\n<p>Mesmo a contragosto, \u00e0 \u00e9poca, todos concordavam comigo.<br \/>\nIX.<\/p>\n<p>Recuperei essas lembran\u00e7as porque S\u00e3o Bernardo voltou \u00e0s manchetes a prop\u00f3sito do fim do segundo mandato de Lula e de seu retorno \u00e0 cidade que o acolheu e lhe deu fama.<\/p>\n<p>Mas, confesso, n\u00e3o foi s\u00f3 isso.<\/p>\n<p>A bem da verdade, nesses oito anos de mandato, o presidente virava-e-mexia batia com as barbas por aqui.<\/p>\n<p>Ademais, temos outro doubl\u00e9 de pol\u00edtico e celebridade na cidade.<\/p>\n<p>\u00c9 o vice-prefeito Frank Aguiar, aquele mesmo, o forrozeiro, tamb\u00e9m conhecido como o \u201cC\u00e3ozinho dos Teclados\u201d.<\/p>\n<p>\u00c9 isso, n\u00e3o \u00e9?<\/p>\n<p>Uahuahuah&#8230;<\/p>\n<p>Diria, pois, que estamos acostumados.<\/p>\n<p>X. <\/p>\n<p>Tamb\u00e9m n\u00e3o foi somente porque Bern\u00f4 agora est\u00e1 representada na elite do futebol de S\u00e3o Paulo. Com o glorioso S\u00e3o Bernardo Futebol Clube e a sua impactante camisa amarela.<\/p>\n<p>Dizem que \u00e9 um time de empres\u00e1rios e de pol\u00edticos.<\/p>\n<p>Boatos maldosos de quem quer impedir nossa gloriosa jornada rumo ao t\u00edtulo.<\/p>\n<p>Avante, Tigre!<\/p>\n<p>XI.<\/p>\n<p>Outro motivo para reverenciar S\u00e3o Bernardo neste espa\u00e7o: a exposi\u00e7\u00e3o que a Pinacoteca local faz das imagens que a fot\u00f3grafa Ana Lima pin\u00e7ou com sua talentosa objetiva. <\/p>\n<p>A mostra tem a curadoria de outra fot\u00f3grafa, J\u00f4 Rabelo.<\/p>\n<p>Um abra\u00e7o para Ana e J\u00f4, duas queridas amigas.<\/p>\n<p>XII.<\/p>\n<p>Como veem, motivos n\u00e3o me faltam para reverenciar SBC, cidade onde vivo e trabalho h\u00e1 mais de 30 anos e onde aprendi um jeito simples e bom de ser feliz.<\/p>\n<p>Mas, n\u00e3o tem d\u00favida: \u00e9 bem legal ter um ex-presidente como vizinho.<\/p>\n","protected":false},"excerpt":{"rendered":"<p>Vale para este humilde blogueiro. <\/p>\n<p>Vale para quem, por descuido ou fantasia, l\u00ea essas maltra\u00e7adas.<\/p>\n<p>Seguinte: <\/p>\n<p>Quem descansou, descansou. <\/p>\n<p>Quem n\u00e3o descansou, s\u00f3 nas pr\u00f3ximas f\u00e9rias.<\/p>\n","protected":false},"author":1,"featured_media":0,"comment_status":"closed","ping_status":"open","sticky":false,"template":"","format":"standard","meta":{"_exactmetrics_skip_tracking":false,"_uf_show_specific_survey":0,"_uf_disable_surveys":false,"footnotes":""},"categories":[1],"tags":[],"class_list":["post-12158","post","type-post","status-publish","format-standard","hentry","category-parangoles"],"_links":{"self":[{"href":"http:\/\/rodolfomartino.com.br\/blog\/wp-json\/wp\/v2\/posts\/12158","targetHints":{"allow":["GET"]}}],"collection":[{"href":"http:\/\/rodolfomartino.com.br\/blog\/wp-json\/wp\/v2\/posts"}],"about":[{"href":"http:\/\/rodolfomartino.com.br\/blog\/wp-json\/wp\/v2\/types\/post"}],"author":[{"embeddable":true,"href":"http:\/\/rodolfomartino.com.br\/blog\/wp-json\/wp\/v2\/users\/1"}],"replies":[{"embeddable":true,"href":"http:\/\/rodolfomartino.com.br\/blog\/wp-json\/wp\/v2\/comments?post=12158"}],"version-history":[{"count":1,"href":"http:\/\/rodolfomartino.com.br\/blog\/wp-json\/wp\/v2\/posts\/12158\/revisions"}],"predecessor-version":[{"id":13945,"href":"http:\/\/rodolfomartino.com.br\/blog\/wp-json\/wp\/v2\/posts\/12158\/revisions\/13945"}],"wp:attachment":[{"href":"http:\/\/rodolfomartino.com.br\/blog\/wp-json\/wp\/v2\/media?parent=12158"}],"wp:term":[{"taxonomy":"category","embeddable":true,"href":"http:\/\/rodolfomartino.com.br\/blog\/wp-json\/wp\/v2\/categories?post=12158"},{"taxonomy":"post_tag","embeddable":true,"href":"http:\/\/rodolfomartino.com.br\/blog\/wp-json\/wp\/v2\/tags?post=12158"}],"curies":[{"name":"wp","href":"https:\/\/api.w.org\/{rel}","templated":true}]}}