{"id":12696,"date":"2014-01-28T00:00:00","date_gmt":"2014-01-28T00:00:00","guid":{"rendered":""},"modified":"2017-09-15T19:16:32","modified_gmt":"2017-09-15T19:16:32","slug":"o-antes-e-o-depois","status":"publish","type":"post","link":"http:\/\/rodolfomartino.com.br\/blog\/o-antes-e-o-depois\/","title":{"rendered":"O antes e o depois"},"content":{"rendered":"<p>A conversa rolava solta entre os amigos sessent\u00f5es, naquele bar, nos confins do Sacom\u00e3. Entre uma lorota e outra, um causo e outro, uma lembran\u00e7a de tempos idos e vividos, eis que o assunto cai no notici\u00e1rio do dia \u2013 e inevit\u00e1vel nas manifesta\u00e7\u00f5es contra a realiza\u00e7\u00e3o da Copa do Mundo no Brasil, ocorridas no final de semana a partir de S\u00e3o Paulo em v\u00e1rias regi\u00f5es do Pa\u00eds.<\/p>\n<p>Alguns tentaram defender a f\u00faria dos manifestantes.<\/p>\n<p>Um descalabro, diziam.<\/p>\n<p>&#8211; Foi uma derrama de dinheiro p\u00fablico que poderia construir escolas, hospitais etc etc.<\/p>\n<p>Uns concordaram, outros condenaram o vandalismo das manifesta\u00e7\u00f5es.<\/p>\n<p>&#8211; Essa quebradeira n\u00e3o faz parte do jogo democr\u00e1tico.<\/p>\n<p>&#8211; Assim as institui\u00e7\u00f5es correm s\u00e9rio risco.<\/p>\n<p>&#8211; O brasileiro at\u00e9 que gosta de uma \u201cdita-dura\u201d, disse Escova em tom de goza\u00e7\u00e3o.<\/p>\n<p>II.<\/p>\n<p>Parece que o pessoal n\u00e3o estava para brincadeiras,  muitos reclamaram da piada de mau gosto do amigo.<\/p>\n<p>A\u00ed, a conversa virou para o despreparo da Pol\u00edcia para conter mobiliza\u00e7\u00f5es, seja inocentes rol\u00eazinhos, seja a a\u00e7\u00e3o dos tais black bloks.<\/p>\n<p>Tiziu, um ex-craque da v\u00e1rzea da Estrada das L\u00e1grimas, lembrou a dificuldade de se manter racional numa hora de corre-corre e do pega geral.<\/p>\n<p>&#8211; Lembram os nossos tempos de futebol de v\u00e1rzea? Quando fechava o tempo, era um salve-se quem puder&#8230;<\/p>\n<p>III.<\/p>\n<p>De modo sincero, todos lamentaram os epis\u00f3dios de s\u00e1bado em Sampa: o inc\u00eandio no Fusca do serralheiro que p\u00f4s em risco a fam\u00edlia de gente humilde que estavam dentro do carro e os tiros da PM no manifestante que tentou escapar da persegui\u00e7\u00e3o dos policiais.<\/p>\n<p>Fez-se um sil\u00eancio sepulcral, como se dizia \u00e0 \u00e9poca em que eram jovens topetudos e freq\u00fcentadores das domingueiras do Clube Atl\u00e9tico Ypiranga, no sal\u00e3o da rua Xavier Curado.<\/p>\n<p>IV.<\/p>\n<p>Foi quando se ouviu voz fanha de Gereba, vulgo o Otimista, por motivos \u00f3bvios.<br \/>\nEra um inoxid\u00e1vel defensor da positividade nas a\u00e7\u00f5es do dia a dia.<\/p>\n<p>Desta vez, o tom de suas palavras era outro e contrariava a todas as expectativas.<\/p>\n<p>&#8211; Meus queridos, n\u00e3o quero assust\u00e1-los, n\u00e3o. Mas, o pior ainda est\u00e1 por vir.<\/p>\n<p>V.<\/p>\n<p>Lembrou que na Copa de 50, mesmo com a derrota diante dos uruguaios, as 200 mil pessoas que lotaram o Maracan\u00e3 choraram, lamentaram, descabelaram-se, mas foram pacificamente para suas casas.<\/p>\n<p>&#8211; Voc\u00eas est\u00e3o discutindo o antes, ok? Agora, j\u00e1 imaginaram o depois da Copa? Se Deus nos livre e guarde (toc, toc, toc) se a sele\u00e7\u00e3o derrapar na curva e perder a Copa?<\/p>\n<p>A tigrada arregalou os olhos, berrou, xingou, uivou ensandecida contra este e aquele&#8230;<\/p>\n<p>&#8211; N\u00e3o vai sobrar pedra sobre pedra, disse Manoelino,o mais exaltado.<\/p>\n<p>VI.<\/p>\n<p>E Gereba, o Otimista, quem diria!, em tom professoral, colocou os pingos nos is. E matou o assunto:<\/p>\n<p>&#8211; Olhem o quanto regredimos, gente!!!<\/p>\n","protected":false},"excerpt":{"rendered":"<p>A conversa rolava solta entre os amigos sessent\u00f5es, naquele bar, nos confins do Sacom\u00e3. Entre uma lorota e outra, um causo e outro, uma lembran\u00e7a de tempos idos e vividos, eis que o assunto cai no notici\u00e1rio do dia \u2013 e inevit\u00e1vel nas manifesta\u00e7\u00f5es contra a realiza\u00e7\u00e3o da Copa do Mundo no Brasil,<\/p>\n","protected":false},"author":1,"featured_media":0,"comment_status":"closed","ping_status":"open","sticky":false,"template":"","format":"standard","meta":{"_exactmetrics_skip_tracking":false,"_uf_show_specific_survey":0,"_uf_disable_surveys":false,"footnotes":""},"categories":[5],"tags":[],"class_list":["post-12696","post","type-post","status-publish","format-standard","hentry","category-blog"],"_links":{"self":[{"href":"http:\/\/rodolfomartino.com.br\/blog\/wp-json\/wp\/v2\/posts\/12696","targetHints":{"allow":["GET"]}}],"collection":[{"href":"http:\/\/rodolfomartino.com.br\/blog\/wp-json\/wp\/v2\/posts"}],"about":[{"href":"http:\/\/rodolfomartino.com.br\/blog\/wp-json\/wp\/v2\/types\/post"}],"author":[{"embeddable":true,"href":"http:\/\/rodolfomartino.com.br\/blog\/wp-json\/wp\/v2\/users\/1"}],"replies":[{"embeddable":true,"href":"http:\/\/rodolfomartino.com.br\/blog\/wp-json\/wp\/v2\/comments?post=12696"}],"version-history":[{"count":1,"href":"http:\/\/rodolfomartino.com.br\/blog\/wp-json\/wp\/v2\/posts\/12696\/revisions"}],"predecessor-version":[{"id":15324,"href":"http:\/\/rodolfomartino.com.br\/blog\/wp-json\/wp\/v2\/posts\/12696\/revisions\/15324"}],"wp:attachment":[{"href":"http:\/\/rodolfomartino.com.br\/blog\/wp-json\/wp\/v2\/media?parent=12696"}],"wp:term":[{"taxonomy":"category","embeddable":true,"href":"http:\/\/rodolfomartino.com.br\/blog\/wp-json\/wp\/v2\/categories?post=12696"},{"taxonomy":"post_tag","embeddable":true,"href":"http:\/\/rodolfomartino.com.br\/blog\/wp-json\/wp\/v2\/tags?post=12696"}],"curies":[{"name":"wp","href":"https:\/\/api.w.org\/{rel}","templated":true}]}}