{"id":12697,"date":"2014-01-29T00:00:00","date_gmt":"2014-01-29T00:00:00","guid":{"rendered":""},"modified":"2017-09-15T19:16:32","modified_gmt":"2017-09-15T19:16:32","slug":"irmao-desconhece-irmao","status":"publish","type":"post","link":"http:\/\/rodolfomartino.com.br\/blog\/irmao-desconhece-irmao\/","title":{"rendered":"Irm\u00e3o desconhece irm\u00e3o&#8230;"},"content":{"rendered":"<p>N\u00e3o vi, n\u00e3o estava l\u00e1&#8230;<\/p>\n<p>Vou \u2018vender o peixe\u2019 com base no relato do amigo Serginho que foi \u00e0 Pra\u00e7a da Rep\u00fablica, no s\u00e1bado, ver o show de Paulinho da Viola que fez parte da programa\u00e7\u00e3o de 460\u00ba anivers\u00e1rio de Sampa.<\/p>\n<p>L\u00e1 pelas tantas apareceram os blaks blocs, no barulho de bagun\u00e7ar o coreto e acabar com o samba de fino trato e impec\u00e1vel eleg\u00e2ncia do grande Paulinho da Viola.<\/p>\n<p>Conta o amigo que os pr\u00f3prios espectadores se revoltaram com a interven\u00e7\u00e3o, e na base da intimida\u00e7\u00e3o deram um chega pra l\u00e1 na rapaziada da viseira e da jaqueta preta.<\/p>\n<p>Os blaks preferiram n\u00e3o encarar e bateram em retirada para zoar em outra freguesia.<\/p>\n<p>\u00c9 bem verdade que, no in\u00edcio da noite, a Prefeitura, organizadora do evento, para evitar outros contratempos, decidiu cancelar os festejos que fechariam a rica programa\u00e7\u00e3o de anivers\u00e1rio.<\/p>\n<p>Lament\u00e1vel, e preocupante.<\/p>\n<p>Ainda mais se levarmos em considera\u00e7\u00e3o os tumultos \u2013 e o desfecho dos mesmos \u2013 que se deram no mesmo s\u00e1bado, nos protestos contra a realiza\u00e7\u00e3o da Copa do Mundo no Brasil.<\/p>\n<p>\u00c9 certo \u2013 vide pesquisas recentes \u2013 que as multid\u00f5es que tomaram ruas e avenidas em junho passado j\u00e1 n\u00e3o ap\u00f3iam o quebra-quebra que acaba acontecendo nessas a\u00e7\u00f5es.<\/p>\n<p>Se somarmos a esse estranhamento, a alucina\u00e7\u00e3o que a Copa do Mundo provoca naturalmente no povo brazuca, temos tristes ind\u00edcios para se temer por eventuais enfrentamentos das turbas .<\/p>\n<p>Imagine a abertura da Copa, em S\u00e3o Paulo, os torcedores aflitos para chegar ao Est\u00e1dio do Corinthians, tendo que enfrentar as barreiras da PM por quest\u00f5es de seguran\u00e7a mais os embara\u00e7os causados pelos manifestantes&#8230;<\/p>\n<p>Imaginaram?<\/p>\n<p>Imaginaram as consequ\u00eancias de um prov\u00e1vel confronto?<\/p>\n<p>Pois, ent\u00e3o&#8230;<\/p>\n<p>N\u00e3o quero ver, nem estar por perto. <\/p>\n<p>Quando irm\u00e3o desconhece irm\u00e3o (salve Paulinho da Viola!) a\u00ed vem o vendaval&#8230;<\/p>\n","protected":false},"excerpt":{"rendered":"<p>N\u00e3o vi, n\u00e3o estava l\u00e1&#8230;<\/p>\n<p>Vou \u2018vender o peixe\u2019 com base no relato do amigo Serginho que foi \u00e0 Pra\u00e7a da Rep\u00fablica, no s\u00e1bado, ver o show de Paulinho da Viola que fez parte da programa\u00e7\u00e3o de 460\u00ba anivers\u00e1rio de Sampa.<\/p>\n","protected":false},"author":1,"featured_media":0,"comment_status":"closed","ping_status":"open","sticky":false,"template":"","format":"standard","meta":{"_exactmetrics_skip_tracking":false,"_uf_show_specific_survey":0,"_uf_disable_surveys":false,"footnotes":""},"categories":[5],"tags":[],"class_list":["post-12697","post","type-post","status-publish","format-standard","hentry","category-blog"],"_links":{"self":[{"href":"http:\/\/rodolfomartino.com.br\/blog\/wp-json\/wp\/v2\/posts\/12697","targetHints":{"allow":["GET"]}}],"collection":[{"href":"http:\/\/rodolfomartino.com.br\/blog\/wp-json\/wp\/v2\/posts"}],"about":[{"href":"http:\/\/rodolfomartino.com.br\/blog\/wp-json\/wp\/v2\/types\/post"}],"author":[{"embeddable":true,"href":"http:\/\/rodolfomartino.com.br\/blog\/wp-json\/wp\/v2\/users\/1"}],"replies":[{"embeddable":true,"href":"http:\/\/rodolfomartino.com.br\/blog\/wp-json\/wp\/v2\/comments?post=12697"}],"version-history":[{"count":1,"href":"http:\/\/rodolfomartino.com.br\/blog\/wp-json\/wp\/v2\/posts\/12697\/revisions"}],"predecessor-version":[{"id":15323,"href":"http:\/\/rodolfomartino.com.br\/blog\/wp-json\/wp\/v2\/posts\/12697\/revisions\/15323"}],"wp:attachment":[{"href":"http:\/\/rodolfomartino.com.br\/blog\/wp-json\/wp\/v2\/media?parent=12697"}],"wp:term":[{"taxonomy":"category","embeddable":true,"href":"http:\/\/rodolfomartino.com.br\/blog\/wp-json\/wp\/v2\/categories?post=12697"},{"taxonomy":"post_tag","embeddable":true,"href":"http:\/\/rodolfomartino.com.br\/blog\/wp-json\/wp\/v2\/tags?post=12697"}],"curies":[{"name":"wp","href":"https:\/\/api.w.org\/{rel}","templated":true}]}}