{"id":12700,"date":"2014-02-01T00:00:00","date_gmt":"2014-02-01T00:00:00","guid":{"rendered":""},"modified":"2017-09-15T19:16:32","modified_gmt":"2017-09-15T19:16:32","slug":"nome-na-lista","status":"publish","type":"post","link":"http:\/\/rodolfomartino.com.br\/blog\/nome-na-lista\/","title":{"rendered":"Nome na lista"},"content":{"rendered":"<p>E rolou o tal beijo gay no cap\u00edtulo final da novela das oito que come\u00e7a \u00e0s nove e tanto.<\/p>\n<p>N\u00e3o houve choro, nem ranger dos dentes.<\/p>\n<p>At\u00e9 o pastor mandou avisar a distinta freguesia que a bitoca do Carneirinho no Carneir\u00e3o (ou versa e vice) era mais do que esperada.<\/p>\n<p>Vida que segue&#8230;<\/p>\n<p>II.<\/p>\n<p>Deveria ser esse o assunto do dia neste humilde Blog.<\/p>\n<p>No entanto, uma reportagem no SPTV, no in\u00edcio da noite me empurrou para o t\u00fanel do tempo. <\/p>\n<p>A mat\u00e9ria mostrou a alegria da meninada que entrou na Fuvest ao conferir a lista dos aprovados assim que os resultados foram divulgados.<\/p>\n<p>Aquela algazarra bendita me fez lembrar long\u00ednqua manh\u00e3 no mais antigo dos anos.<\/p>\n<p>III.<\/p>\n<p>O pai me acordou aos berros \u2013 ali\u00e1s, como fazia quase todas as manh\u00e3s. S\u00f3 que, desta feita, o vozeir\u00e3o do Velho Aldo estava um tanto embargado por uma desconhecida emo\u00e7\u00e3o.  <\/p>\n<p>Ele estocava o ar com uma folha arrancada do jornal do dia; folha esta que trazia a boa nova: eu acabara de entrar na Universidade de S\u00e3o Paulo, no curso de Comunica\u00e7\u00e3o Social.<\/p>\n<p>\u00c0 dist\u00e2ncia, a m\u00e3e acompanhava a ruidosa comemora\u00e7\u00e3o do pai \u2013 justo ele, sempre t\u00e3o calado \u2013 e tamb\u00e9m ela tinha o semblante radiante de felicidade.<\/p>\n<p>IV.<\/p>\n<p>Para ser bem sincero, nem ela, nem o pai sabiam ao certo o que era esse neg\u00f3cio de Comunica\u00e7\u00e3o Social. <\/p>\n<p>Pouco importava.<\/p>\n<p>Valia mesmo a sensa\u00e7\u00e3o do dever cumprido, pois o filho ca\u00e7ula chegava a Universidade.<\/p>\n<p>E como isso era importante naquele in\u00edcio dos anos 70.<\/p>\n<p>V.<\/p>\n<p>Fundamental para eles era a certeza de um futuro melhor que o deles, um futuro longe do ch\u00e3o da f\u00e1brica.<\/p>\n<p>Havia outra raz\u00e3o, lembrou o pai:<\/p>\n<p>\u201cO Tchinim \u00e9 a primeira pessoa das nossas fam\u00edlias \u2013 os Martino e os Avezzani \u2013 a frequentar uma faculdade\u201d.<\/p>\n<p>VI.<\/p>\n<p>Vou ser outra vez bem sincero, mas sincero mesmo&#8230;<\/p>\n<p>N\u00e3o tinha plena consci\u00eancia do que tudo aquilo representava.<\/p>\n<p>Era um po\u00e7o de duvidas e receios.<\/p>\n<p>Fiquei feliz, l\u00f3gico.<\/p>\n<p>Mas, n\u00e3o botei banca, nem me achei mais, nem menos.<\/p>\n<p>Era um garoto suburbano, meio que sem no\u00e7\u00e3o; um tanto gaiato, outro tanto triste. <\/p>\n<p>VII.<\/p>\n<p>Para terminar, um adendo.<\/p>\n<p>Na mesma a lista de aprovados para Escola de Comunica\u00e7\u00f5es e Artes da USP, al\u00e9m do nome deste amarfanhado escriba, havia um certo Walcyr Carrasco.<\/p>\n<p>Imagino que voc\u00eas saibam quem seja&#8230;<\/p>\n","protected":false},"excerpt":{"rendered":"<p>E rolou o tal beijo gay no cap\u00edtulo final da novela das oito que come\u00e7a \u00e0s nove e tanto.<\/p>\n<p>N\u00e3o houve choro, nem ranger dos dentes.<\/p>\n<p>At\u00e9 o pastor mandou avisar a distinta freguesia que a bitoca do Carneirinho no Carneir\u00e3o (ou versa e vice) era mais do que esperada.<\/p>\n","protected":false},"author":1,"featured_media":0,"comment_status":"closed","ping_status":"open","sticky":false,"template":"","format":"standard","meta":{"_exactmetrics_skip_tracking":false,"_uf_show_specific_survey":0,"_uf_disable_surveys":false,"footnotes":""},"categories":[5],"tags":[],"class_list":["post-12700","post","type-post","status-publish","format-standard","hentry","category-blog"],"_links":{"self":[{"href":"http:\/\/rodolfomartino.com.br\/blog\/wp-json\/wp\/v2\/posts\/12700","targetHints":{"allow":["GET"]}}],"collection":[{"href":"http:\/\/rodolfomartino.com.br\/blog\/wp-json\/wp\/v2\/posts"}],"about":[{"href":"http:\/\/rodolfomartino.com.br\/blog\/wp-json\/wp\/v2\/types\/post"}],"author":[{"embeddable":true,"href":"http:\/\/rodolfomartino.com.br\/blog\/wp-json\/wp\/v2\/users\/1"}],"replies":[{"embeddable":true,"href":"http:\/\/rodolfomartino.com.br\/blog\/wp-json\/wp\/v2\/comments?post=12700"}],"version-history":[{"count":1,"href":"http:\/\/rodolfomartino.com.br\/blog\/wp-json\/wp\/v2\/posts\/12700\/revisions"}],"predecessor-version":[{"id":15320,"href":"http:\/\/rodolfomartino.com.br\/blog\/wp-json\/wp\/v2\/posts\/12700\/revisions\/15320"}],"wp:attachment":[{"href":"http:\/\/rodolfomartino.com.br\/blog\/wp-json\/wp\/v2\/media?parent=12700"}],"wp:term":[{"taxonomy":"category","embeddable":true,"href":"http:\/\/rodolfomartino.com.br\/blog\/wp-json\/wp\/v2\/categories?post=12700"},{"taxonomy":"post_tag","embeddable":true,"href":"http:\/\/rodolfomartino.com.br\/blog\/wp-json\/wp\/v2\/tags?post=12700"}],"curies":[{"name":"wp","href":"https:\/\/api.w.org\/{rel}","templated":true}]}}