{"id":12701,"date":"2014-02-02T00:00:00","date_gmt":"2014-02-02T00:00:00","guid":{"rendered":""},"modified":"2017-09-15T19:16:32","modified_gmt":"2017-09-15T19:16:32","slug":"reflexoes-sobre-o-futuro-da-tv","status":"publish","type":"post","link":"http:\/\/rodolfomartino.com.br\/blog\/reflexoes-sobre-o-futuro-da-tv\/","title":{"rendered":"Reflex\u00f5es sobre o futuro da TV"},"content":{"rendered":"<p>A prop\u00f3sito do estardalha\u00e7o do final da novela \u201cAmor \u00e0 Vida\u201d, de Walcyr Carrasco, creio ser oportuno aqui reproduzir trecho da entrevista concedida pelo diretor Luiz Fernando Carvalho sobre o esgotamento do modelo atual da nossa TV.<\/p>\n<p>Carvalho falou para rep\u00f3rter Tha\u00eds Arbex, de O Estado de S.Paulo, em dezembro \u00faltimo. A entrevista foi publicada na coluna Direto da Fonte, de Sonia Racy.<\/p>\n<p>Sobre o que significa o aproveitamento das obras de Clarice Lispector e Graciliano Ramos pela telinha, ele disse o seguinte:<\/p>\n<p>\u201cSignifica dizer que um Pa\u00eds muito mais rico e que precisa ser constantemente revelado est\u00e1 sendo desperdi\u00e7ado. Significa dizer que a tal ind\u00fastria cultural segue reivindicando um modelo, excludente, excessivamente centralizado no eixo Rio-S\u00e3o Paulo. Significa dizer que um texto c\u00f4mico n\u00e3o \u00e9 s\u00f3 aquele que se encontra balizado entre programa de esquetes e seriados que emulam a est\u00e9tica americana. E, por fim, afirmo que Graciliano Ramos faz falta \u00e0 televis\u00e3o assim como muitas outras literaturas: \u00e9 mais modernos que os moderninhos de plant\u00e3o, muito mais vivo, mais capaz de traduzir as contradi\u00e7\u00f5es de nosso pa\u00eds sem apelar para as caricaturas\u201d.<\/p>\n<p>\u201cPrecisa mudar (a produ\u00e7\u00e3o da TV brasileira), afinal, o modelo est\u00e1 dando sinais de esgotamento. Precisamos pensar em uma televis\u00e3o do futuro. Esta j\u00e1 passou. Estamos reproduzindo um modelo de cinquenta anos atr\u00e1s (&#8230;) \u00c9 fundamental abrirmos uma reflex\u00e3o dos conte\u00fados paralelamente \u00e0 linha de produ\u00e7\u00e3o di\u00e1ria\u201d.<\/p>\n<p>Para a manh\u00e3 de um ensolarado domingo, \u00e9 isso&#8230;<\/p>\n","protected":false},"excerpt":{"rendered":"<p>A prop\u00f3sito do estardalha\u00e7o do final da novela \u201cAmor \u00e0 Vida\u201d, de Walcyr Carrasco, creio ser oportuno aqui reproduzir trecho da entrevista concedida pelo diretor Luiz Fernando Carvalho sobre o esgotamento do modelo atual da nossa TV.<\/p>\n","protected":false},"author":1,"featured_media":0,"comment_status":"closed","ping_status":"open","sticky":false,"template":"","format":"standard","meta":{"_exactmetrics_skip_tracking":false,"_uf_show_specific_survey":0,"_uf_disable_surveys":false,"footnotes":""},"categories":[5],"tags":[],"class_list":["post-12701","post","type-post","status-publish","format-standard","hentry","category-blog"],"_links":{"self":[{"href":"http:\/\/rodolfomartino.com.br\/blog\/wp-json\/wp\/v2\/posts\/12701","targetHints":{"allow":["GET"]}}],"collection":[{"href":"http:\/\/rodolfomartino.com.br\/blog\/wp-json\/wp\/v2\/posts"}],"about":[{"href":"http:\/\/rodolfomartino.com.br\/blog\/wp-json\/wp\/v2\/types\/post"}],"author":[{"embeddable":true,"href":"http:\/\/rodolfomartino.com.br\/blog\/wp-json\/wp\/v2\/users\/1"}],"replies":[{"embeddable":true,"href":"http:\/\/rodolfomartino.com.br\/blog\/wp-json\/wp\/v2\/comments?post=12701"}],"version-history":[{"count":1,"href":"http:\/\/rodolfomartino.com.br\/blog\/wp-json\/wp\/v2\/posts\/12701\/revisions"}],"predecessor-version":[{"id":15319,"href":"http:\/\/rodolfomartino.com.br\/blog\/wp-json\/wp\/v2\/posts\/12701\/revisions\/15319"}],"wp:attachment":[{"href":"http:\/\/rodolfomartino.com.br\/blog\/wp-json\/wp\/v2\/media?parent=12701"}],"wp:term":[{"taxonomy":"category","embeddable":true,"href":"http:\/\/rodolfomartino.com.br\/blog\/wp-json\/wp\/v2\/categories?post=12701"},{"taxonomy":"post_tag","embeddable":true,"href":"http:\/\/rodolfomartino.com.br\/blog\/wp-json\/wp\/v2\/tags?post=12701"}],"curies":[{"name":"wp","href":"https:\/\/api.w.org\/{rel}","templated":true}]}}