{"id":12702,"date":"2014-02-03T00:00:00","date_gmt":"2014-02-03T00:00:00","guid":{"rendered":""},"modified":"2017-09-15T19:16:31","modified_gmt":"2017-09-15T19:16:31","slug":"homenagem-a-coutinho","status":"publish","type":"post","link":"http:\/\/rodolfomartino.com.br\/blog\/homenagem-a-coutinho\/","title":{"rendered":"Homenagem a Coutinho"},"content":{"rendered":"<p>Por que h\u00e1 momentos neste mist\u00e9rio chamado vida que \u00e9 melhor calar de t\u00e3o inexplic\u00e1vel e cruel&#8230;<\/p>\n<p>&#8230;Deixo aqui uma indica\u00e7\u00e3o: o \u2018Sala de Not\u00edcias\u2019, do Canal Futura, far\u00e1 uma pequena homenagem ao grande mestre Eduardo Coutinho e reprisa amanh\u00e3, dia 4, o document\u00e1rio \u201cUma visita para Elizabeth Teixeira\u201d, de Susanna Lira.<\/p>\n<p>A resenha: depois de quase 30 anos da realiza\u00e7\u00e3o do document\u00e1rio \u201cCabra Marcado pra Morrer\u201d, de Eduardo Coutinho, a diretora Susanna Lira faz uma visita a Elizabeth Teixeira, a principal personagem do filme, hoje com 85 anos, para reviver suas mem\u00f3rias e saber como mant\u00e9m viva sua luta pelos direitos do homem do campo.<\/p>\n","protected":false},"excerpt":{"rendered":"<p>Por que h\u00e1 momentos neste mist\u00e9rio chamado vida que \u00e9 melhor calar de t\u00e3o inexplic\u00e1vel e cruel&#8230;<\/p>\n<p>&#8230;Deixo aqui uma indica\u00e7\u00e3o: o \u2018Sala de Not\u00edcias\u2019, do Canal Futura, far\u00e1 uma pequena homenagem ao grande mestre Eduardo Coutinho e reprisa amanh\u00e3,<\/p>\n","protected":false},"author":1,"featured_media":0,"comment_status":"closed","ping_status":"open","sticky":false,"template":"","format":"standard","meta":{"_exactmetrics_skip_tracking":false,"_uf_show_specific_survey":0,"_uf_disable_surveys":false,"footnotes":""},"categories":[5],"tags":[],"class_list":["post-12702","post","type-post","status-publish","format-standard","hentry","category-blog"],"_links":{"self":[{"href":"http:\/\/rodolfomartino.com.br\/blog\/wp-json\/wp\/v2\/posts\/12702","targetHints":{"allow":["GET"]}}],"collection":[{"href":"http:\/\/rodolfomartino.com.br\/blog\/wp-json\/wp\/v2\/posts"}],"about":[{"href":"http:\/\/rodolfomartino.com.br\/blog\/wp-json\/wp\/v2\/types\/post"}],"author":[{"embeddable":true,"href":"http:\/\/rodolfomartino.com.br\/blog\/wp-json\/wp\/v2\/users\/1"}],"replies":[{"embeddable":true,"href":"http:\/\/rodolfomartino.com.br\/blog\/wp-json\/wp\/v2\/comments?post=12702"}],"version-history":[{"count":1,"href":"http:\/\/rodolfomartino.com.br\/blog\/wp-json\/wp\/v2\/posts\/12702\/revisions"}],"predecessor-version":[{"id":15318,"href":"http:\/\/rodolfomartino.com.br\/blog\/wp-json\/wp\/v2\/posts\/12702\/revisions\/15318"}],"wp:attachment":[{"href":"http:\/\/rodolfomartino.com.br\/blog\/wp-json\/wp\/v2\/media?parent=12702"}],"wp:term":[{"taxonomy":"category","embeddable":true,"href":"http:\/\/rodolfomartino.com.br\/blog\/wp-json\/wp\/v2\/categories?post=12702"},{"taxonomy":"post_tag","embeddable":true,"href":"http:\/\/rodolfomartino.com.br\/blog\/wp-json\/wp\/v2\/tags?post=12702"}],"curies":[{"name":"wp","href":"https:\/\/api.w.org\/{rel}","templated":true}]}}