{"id":12706,"date":"2014-02-07T00:00:00","date_gmt":"2014-02-07T00:00:00","guid":{"rendered":""},"modified":"2017-09-15T19:16:31","modified_gmt":"2017-09-15T19:16:31","slug":"lembrancas-de-um-velho-reporter","status":"publish","type":"post","link":"http:\/\/rodolfomartino.com.br\/blog\/lembrancas-de-um-velho-reporter\/","title":{"rendered":"Lembran\u00e7as de um velho rep\u00f3rter"},"content":{"rendered":"<p>Uma hist\u00f3ria \u00e9 uma hist\u00f3ria \u00e9 uma hist\u00f3ria&#8230;<\/p>\n<p>Hist\u00f3ria 1<\/p>\n<p>O rep\u00f3rter-fotogr\u00e1fico An\u00edsio chegou, \u00e0 Reda\u00e7\u00e3o, l\u00edvido, assustado, em p\u00e2nico.<\/p>\n<p>Foi logo dizendo o que lhe ocorrera.<\/p>\n<p>Aproveitou a folga do almo\u00e7o para pagar o aluguel na imobili\u00e1ria \u201cpara evitar as filas do banco\u201d.<\/p>\n<p>Mal entrou no sobrad\u00e3o  e foi rendido por dois assaltantes que, naquele momento, faziam a limpa no estabelecimento.<\/p>\n<p>Desconte-se que o velho e bom An\u00edsio estava um tanto aturdido com o susto e precisava mesmo desabafar.<\/p>\n<p>\u201cVoc\u00eas n\u00e3o imaginam o sufoco. Neguinho veio pra cima de mim de rev\u00f3lver em punho. Olho estalado, dizia \u2018passo dinheiro\u2019, \u2018passa o rel\u00f3gio\u2019, \u2018passa a chave do carro\u2019&#8230;\u201d<\/p>\n<p>Martinha, a rep\u00f3rter de origem negra, interrompeu bruscamente a fala:<\/p>\n<p>\u201cAn\u00edsio, olha o preconceito, que hist\u00f3ria essa de neguinho&#8230; Olha o respeito&#8230; Ali\u00e1s, o respeito \u00e9 bom e a gente gosta&#8230;\u201d<\/p>\n<p>Aturdido pela segunda talagada que levara no mesmo dia, o pobre An\u00edsio tentou remediar a situa\u00e7\u00e3o do jeito que pode:<\/p>\n<p>\u201cN\u00e3o, Martinha, nada disso, maior respeito&#8230; Voc\u00ea n\u00e3o deixou terminar de falar. Precisava falar do branquinho, esse, sim, era a peste e queria matar todo mundo&#8230; Nossa! Como o branquinho era ruim, s\u00f4&#8230;\u201d<\/p>\n<p>A gargalhada foi geral. Nem a Martinha resistiu ao improviso do amigo An\u00edsio que, efetivamente, n\u00e3o viveu um bom dia.<\/p>\n<p>Hist\u00f3ria 2<\/p>\n<p>O cen\u00e1rio da narrativa acima era a Velha Reda\u00e7\u00e3o de piso assoalhado e grandes janel\u00f5es para a rua Bom Pastor.<\/p>\n<p>Aconteceu ali pelos anos 90.<\/p>\n<p>\u00c9ramos um time \u2013 e tanto.<\/p>\n<p>T\u00ednhamos nossas rusgas e malentendidos, mas form\u00e1vamos um bando de amigos jornalistas.<\/p>\n<p>A vida imp\u00f4s novos rumos a cada um de n\u00f3s.<\/p>\n<p>Mas, desconfio falar por todos, vivemos ali um momento lindamente inesquec\u00edvel.<\/p>\n<p>Hist\u00f3ria 3<\/p>\n<p>Como lhes disse no post de ontem, precisei ir ao Ipiranga na tarde de quinta.<\/p>\n<p>Passei pela Bom Pastor e vi que o casar\u00e3o onde trabalh\u00e1vamos est\u00e1 com uma placa de \u201cVende-se\u201d.<\/p>\n<p>Fiquei um tanto nost\u00e1lgico; outro tanto, tolamente, apreensivo.<\/p>\n<p>Logo, logo veremos um espig\u00e3o (ou v\u00e1rios) ocupando aquele lugar.<\/p>\n<p>Lembrei Quintana, o poeta:<\/p>\n<p>\u201cO tempo n\u00e3o para. S\u00f3 a saudade \u00e9 que faz as coisas pararem no tempo\u201d.<\/p>\n","protected":false},"excerpt":{"rendered":"<p>Uma hist\u00f3ria \u00e9 uma hist\u00f3ria \u00e9 uma hist\u00f3ria&#8230;<\/p>\n<p>Hist\u00f3ria 1<\/p>\n<p>O rep\u00f3rter-fotogr\u00e1fico An\u00edsio chegou, \u00e0 Reda\u00e7\u00e3o, l\u00edvido, assustado, em p\u00e2nico.<\/p>\n<p>Foi logo dizendo o que lhe ocorrera.<\/p>\n","protected":false},"author":1,"featured_media":0,"comment_status":"closed","ping_status":"open","sticky":false,"template":"","format":"standard","meta":{"_exactmetrics_skip_tracking":false,"_uf_show_specific_survey":0,"_uf_disable_surveys":false,"footnotes":""},"categories":[5],"tags":[],"class_list":["post-12706","post","type-post","status-publish","format-standard","hentry","category-blog"],"_links":{"self":[{"href":"http:\/\/rodolfomartino.com.br\/blog\/wp-json\/wp\/v2\/posts\/12706","targetHints":{"allow":["GET"]}}],"collection":[{"href":"http:\/\/rodolfomartino.com.br\/blog\/wp-json\/wp\/v2\/posts"}],"about":[{"href":"http:\/\/rodolfomartino.com.br\/blog\/wp-json\/wp\/v2\/types\/post"}],"author":[{"embeddable":true,"href":"http:\/\/rodolfomartino.com.br\/blog\/wp-json\/wp\/v2\/users\/1"}],"replies":[{"embeddable":true,"href":"http:\/\/rodolfomartino.com.br\/blog\/wp-json\/wp\/v2\/comments?post=12706"}],"version-history":[{"count":1,"href":"http:\/\/rodolfomartino.com.br\/blog\/wp-json\/wp\/v2\/posts\/12706\/revisions"}],"predecessor-version":[{"id":15314,"href":"http:\/\/rodolfomartino.com.br\/blog\/wp-json\/wp\/v2\/posts\/12706\/revisions\/15314"}],"wp:attachment":[{"href":"http:\/\/rodolfomartino.com.br\/blog\/wp-json\/wp\/v2\/media?parent=12706"}],"wp:term":[{"taxonomy":"category","embeddable":true,"href":"http:\/\/rodolfomartino.com.br\/blog\/wp-json\/wp\/v2\/categories?post=12706"},{"taxonomy":"post_tag","embeddable":true,"href":"http:\/\/rodolfomartino.com.br\/blog\/wp-json\/wp\/v2\/tags?post=12706"}],"curies":[{"name":"wp","href":"https:\/\/api.w.org\/{rel}","templated":true}]}}