{"id":13121,"date":"2015-07-03T00:00:00","date_gmt":"2015-07-03T00:00:00","guid":{"rendered":""},"modified":"2017-09-15T19:03:18","modified_gmt":"2017-09-15T19:03:18","slug":"um-sonho-bom","status":"publish","type":"post","link":"http:\/\/rodolfomartino.com.br\/blog\/um-sonho-bom\/","title":{"rendered":"Um sonho bom&#8230;"},"content":{"rendered":"<p>Rapaz, desconfio que me empolguei um tantinho ao escrever o texto de ontem. <\/p>\n<p>Acontece!<\/p>\n<p>Passei o dia todo ruminando as lembran\u00e7as da Velha Reda\u00e7\u00e3o que n\u00e3o deu outra: \u00e0 noite, sonhei que est\u00e1vamos todos de volta e \u00e0s voltas com uma quinta-feira de fechamento ferrado.<\/p>\n<p>O que me chamou aten\u00e7\u00e3o \u00e9 que a Reda\u00e7\u00e3o tinha quadruplicado de tamanho \u2013 e est\u00e1vamos todos l\u00e1. Rep\u00f3rteres de todas as gera\u00e7\u00f5es reunidos a batucar nossas valentes Olivettis em busca da not\u00edcia da semana.<\/p>\n<p>Espero que me entendam. Mas, n\u00e3o vou declinar o nome desse ou daquele para n\u00e3o cometer a lamban\u00e7a de esquecer algu\u00e9m. Primeiro porque a Velha Reda\u00e7\u00e3o parecia n\u00e3o ter fim mesmo \u2013 e eu n\u00e3o me dei ao trabalho de percorr\u00ea-la toda. Segundo porque a sonzeira das m\u00e1quinas de escrever era ruidosa e, por vezes, estonteante (Aos meus ouvidos, uma sinfonia). E, por fim, porque durante os fechamentos eu, como editor-chefe, era o mais estressado com o bom andamento de tudo e o passar do tempo.<\/p>\n<p>T\u00ednhamos hor\u00e1rio para \u201cfechar\u201d as p\u00e1ginas e entregar a edi\u00e7\u00e3o para gr\u00e1fica.<\/p>\n<p>Olai\u00e1&#8230; Que saudades!<\/p>\n<p>II.<\/p>\n<p>Naquela quinta (a do sonho), por\u00e9m, algo me chamava a aten\u00e7\u00e3o \u2013 e me preocupava. Eu sabia que era uma edi\u00e7\u00e3o especial. Os diagramas das p\u00e1ginas iam se avolumando sobre a minha mesa. Est\u00e1vamos todos trabalhando, mas, curioso, ningu\u00e9m me aprontava a mat\u00e9ria e o rel\u00f3gio, \u00f3, toc, toc, toc&#8230; s\u00f3 comendo o tempo.<\/p>\n<p>Fingia que escrevia o \u201cCaro Leitor\u201d, minha coluna semanal, mas mantinha o olho vivo na rapaziada. Que, por sua vez, nem a\u00ed, continuava empenhad\u00edssima no alinhavar de letrinhas.<\/p>\n<p>Foi me batendo uma incontrol\u00e1vel ansiedade.<\/p>\n<p>Mais uma penca de diagramas sobre a mesa \u2013 e sequer uma linhazinha para diagramar. Tem algo de estranho nisso tudo, pensei. Esses caras est\u00e3o me sacaneando (novidade!), todos com cara de paisagem (como ficaram no dia em que me aprontaram uma festa surpresa de anivers\u00e1rio)&#8230; A\u00ed tem&#8230;<\/p>\n<p>Pensei em dar um esporro generalizado, que n\u00e3o era hora de brincadeira, que t\u00ednhamos hor\u00e1rio de fechamento, que isso e aquilo e as fotos?, cad\u00ea as fotos? <\/p>\n<p>III.<\/p>\n<p>Rapaz, nesse del\u00edrio todo, acordei a mil.<\/p>\n<p>Fiquei um pouco aliviado por ser apenas um sonho bom, outro tanto fiquei triste por ser apenas um sonho bom.<\/p>\n","protected":false},"excerpt":{"rendered":"<p>Rapaz, desconfio que me empolguei um tantinho ao escrever o texto de ontem. <\/p>\n<p>Acontece!<\/p>\n<p>Passei o dia todo ruminando as lembran\u00e7as da Velha Reda\u00e7\u00e3o que n\u00e3o deu outra: \u00e0 noite,<\/p>\n","protected":false},"author":1,"featured_media":0,"comment_status":"closed","ping_status":"open","sticky":false,"template":"","format":"standard","meta":{"_exactmetrics_skip_tracking":false,"_uf_show_specific_survey":0,"_uf_disable_surveys":false,"footnotes":""},"categories":[5],"tags":[],"class_list":["post-13121","post","type-post","status-publish","format-standard","hentry","category-blog"],"_links":{"self":[{"href":"http:\/\/rodolfomartino.com.br\/blog\/wp-json\/wp\/v2\/posts\/13121","targetHints":{"allow":["GET"]}}],"collection":[{"href":"http:\/\/rodolfomartino.com.br\/blog\/wp-json\/wp\/v2\/posts"}],"about":[{"href":"http:\/\/rodolfomartino.com.br\/blog\/wp-json\/wp\/v2\/types\/post"}],"author":[{"embeddable":true,"href":"http:\/\/rodolfomartino.com.br\/blog\/wp-json\/wp\/v2\/users\/1"}],"replies":[{"embeddable":true,"href":"http:\/\/rodolfomartino.com.br\/blog\/wp-json\/wp\/v2\/comments?post=13121"}],"version-history":[{"count":1,"href":"http:\/\/rodolfomartino.com.br\/blog\/wp-json\/wp\/v2\/posts\/13121\/revisions"}],"predecessor-version":[{"id":14920,"href":"http:\/\/rodolfomartino.com.br\/blog\/wp-json\/wp\/v2\/posts\/13121\/revisions\/14920"}],"wp:attachment":[{"href":"http:\/\/rodolfomartino.com.br\/blog\/wp-json\/wp\/v2\/media?parent=13121"}],"wp:term":[{"taxonomy":"category","embeddable":true,"href":"http:\/\/rodolfomartino.com.br\/blog\/wp-json\/wp\/v2\/categories?post=13121"},{"taxonomy":"post_tag","embeddable":true,"href":"http:\/\/rodolfomartino.com.br\/blog\/wp-json\/wp\/v2\/tags?post=13121"}],"curies":[{"name":"wp","href":"https:\/\/api.w.org\/{rel}","templated":true}]}}