{"id":13123,"date":"2015-07-06T00:00:00","date_gmt":"2015-07-06T00:00:00","guid":{"rendered":""},"modified":"2017-09-15T19:03:18","modified_gmt":"2017-09-15T19:03:18","slug":"o-que-se-passa","status":"publish","type":"post","link":"http:\/\/rodolfomartino.com.br\/blog\/o-que-se-passa\/","title":{"rendered":"O que se passa&#8230;"},"content":{"rendered":"<p>E a Gr\u00e9cia disse n\u00e3o.<\/p>\n<p>E a Uni\u00e3o Europeia se arrepia e diz n\u00e3o ao n\u00e3o.<\/p>\n<p>O inverso do lema dos estudantes em abril de 68 na Fran\u00e7a:<\/p>\n<p>\u201c\u00c9 proibido proibir\u201d.<\/p>\n<p>Caetano talentosamente o surrupiou para a can\u00e7\u00e3o do Festival que Gal cantou, entre vaias e aplausos, com alma e cora\u00e7\u00e3o \u2013 e cabeleira.<\/p>\n<p>Foi um momento m\u00e1gico da TV e da m\u00fasica brasileira.<\/p>\n<p>Hoje, o post ser\u00e1 o que for.<\/p>\n<p>Perceberam, n\u00e9? <\/p>\n<p>II.<\/p>\n<p>A segunda-feira me surpreende com um sol esquivo que, da janela do 19\u00ba andar, vejo se espalhar pelas ruas da cidade onde moro. Entusiasmado, tentei uma caminhada matinal, mas logo desisti. Ele (o sol) brilha, mas n\u00e3o aquece \u2013 e, de resto, eu n\u00e3o estou no barato.<\/p>\n<p>Fujo da caminhada e do notici\u00e1rio pol\u00edtico e econ\u00f4mico.<\/p>\n<p>H\u00e1 outros assuntos em pauta&#8230;<\/p>\n<p>III.<\/p>\n<p>\u201cOs preconceitos ladram, e a caravana passa\u201d.<\/p>\n<p>A menina-mulher da pele preta Maju respondeu aos \u00edmpios e tolos e sem-no\u00e7\u00e3o.<\/p>\n<p>A garota-do tempo do Jornal Nacional foi v\u00edtima de racismo.<\/p>\n<p>Em pleno s\u00e9culo 21 \u2013 e no Brasil.<\/p>\n<p>Pode?<\/p>\n<p>Tem preconceito, sim. Mas, h\u00e1 tamb\u00e9m muito de inveja.<\/p>\n<p>\u201cSer feliz \u00e9 tudo que se quer\u201d, ensina a can\u00e7\u00e3o dos irm\u00e3os Kleyton e Kledir (Lembram-se deles? \u00c9 do meu tempo).<\/p>\n<p>E a mo\u00e7a recende felicidade naquilo que faz e na vida.<\/p>\n<p>IV.<\/p>\n<p>Mais uma daquelas decep\u00e7\u00f5es que fazem um buraco na f\u00e9 dos que ainda ousam sonhar e acreditar.<\/p>\n<p>Como aquela descomunal \u2013 e inimagin\u00e1vel \u2013 rea\u00e7\u00e3o dos \u00edmpios contra o apresentador J\u00f4 Soares.<\/p>\n<p>Como diria o Irm\u00e3o Fid\u00e9lis, nos idos tempos do Col\u00e9gio Nossa Senhora da Gl\u00f3ria: <\/p>\n<p>&#8211; Jesus, Maria, Jos\u00e9, o que se passa?<\/p>\n<p>Ops&#8230;<\/p>\n<p>Desesperan\u00e7a, nunca, jamais \u2013 valeu Marieta.<\/p>\n<p>Sigamos atentos, mas acreditando.<\/p>\n<p>V.<\/p>\n<p>Falei em Gal, l\u00e1 em cima; retomo agora a personagem.<\/p>\n<p>Ela completa 50 anos de carreira \u2013 e fez bel\u00edssimo show em Sampa que segue em temporada Brasil afora.<\/p>\n<p>Al\u00e9m de ser uma extraordin\u00e1ria cantora \u2013 entre as melhores da MPB -, ela teve papel fundamental no fim dos anos 60 como porta-voz da obra dos baianos, Gil e Caetano, em terras brasileiras. <\/p>\n<p>Os dois estavam no ex\u00edlio, em Londres. Por aqui, brilhantemente, ela segurou a bronca dos broncos da ditadura.<\/p>\n<p>Seu disco \u201cFa-tal\u201d (1971) causou um esc\u00e2ndalo (que \u00e0 \u00e9poca cham\u00e1vamos de \u2018desbunde\u2019) e a projetou, definitivamente, entre as melhores.<\/p>\n<p>VI.<\/p>\n<p>Termino com o conto de fadas \u00e0s avessas vivido por Ana Luisa Castro que venceu o concurso Miss Mundo Brasil 2015, mas precisou renunciar a coroa porque, descobriu-se depois, que \u00e9 casada com um rapaz belga (os pap\u00e9is da legaliza\u00e7\u00e3o do casamento ainda est\u00e3o em   andamento).  <\/p>\n<p>\u201cO t\u00edtulo seria por um ano\u201d \u2013 disse a mo\u00e7a. \u201cO amor \u00e9 para sempre\u201d.<\/p>\n<p>Uhuhuh&#8230;<\/p>\n<p>Explico a express\u00e3o \u201ccontos de fadas \u00e0s avessas\u201d, pois quem se deu bem na paradinha, desta vez, foi o pr\u00edncipe belgicano.<\/p>\n<p>A mo\u00e7a \u00e9 lind\u00edssima, lembra um tantinho a Maju e soube, com garbo e eleg\u00e2ncia, dizer sim ao sim.<\/p>\n","protected":false},"excerpt":{"rendered":"<p>E a Gr\u00e9cia disse n\u00e3o.<\/p>\n<p>E a Uni\u00e3o Europeia se arrepia e diz n\u00e3o ao n\u00e3o.<\/p>\n<p>O inverso do lema dos estudantes em abril de 68 na Fran\u00e7a:<\/p>\n<p>\u201c\u00c9 proibido proibir\u201d.<\/p>\n","protected":false},"author":1,"featured_media":0,"comment_status":"closed","ping_status":"open","sticky":false,"template":"","format":"standard","meta":{"_exactmetrics_skip_tracking":false,"_uf_show_specific_survey":0,"_uf_disable_surveys":false,"footnotes":""},"categories":[5],"tags":[],"class_list":["post-13123","post","type-post","status-publish","format-standard","hentry","category-blog"],"_links":{"self":[{"href":"http:\/\/rodolfomartino.com.br\/blog\/wp-json\/wp\/v2\/posts\/13123","targetHints":{"allow":["GET"]}}],"collection":[{"href":"http:\/\/rodolfomartino.com.br\/blog\/wp-json\/wp\/v2\/posts"}],"about":[{"href":"http:\/\/rodolfomartino.com.br\/blog\/wp-json\/wp\/v2\/types\/post"}],"author":[{"embeddable":true,"href":"http:\/\/rodolfomartino.com.br\/blog\/wp-json\/wp\/v2\/users\/1"}],"replies":[{"embeddable":true,"href":"http:\/\/rodolfomartino.com.br\/blog\/wp-json\/wp\/v2\/comments?post=13123"}],"version-history":[{"count":1,"href":"http:\/\/rodolfomartino.com.br\/blog\/wp-json\/wp\/v2\/posts\/13123\/revisions"}],"predecessor-version":[{"id":14918,"href":"http:\/\/rodolfomartino.com.br\/blog\/wp-json\/wp\/v2\/posts\/13123\/revisions\/14918"}],"wp:attachment":[{"href":"http:\/\/rodolfomartino.com.br\/blog\/wp-json\/wp\/v2\/media?parent=13123"}],"wp:term":[{"taxonomy":"category","embeddable":true,"href":"http:\/\/rodolfomartino.com.br\/blog\/wp-json\/wp\/v2\/categories?post=13123"},{"taxonomy":"post_tag","embeddable":true,"href":"http:\/\/rodolfomartino.com.br\/blog\/wp-json\/wp\/v2\/tags?post=13123"}],"curies":[{"name":"wp","href":"https:\/\/api.w.org\/{rel}","templated":true}]}}