{"id":13124,"date":"2015-07-07T00:00:00","date_gmt":"2015-07-07T00:00:00","guid":{"rendered":""},"modified":"2017-09-15T19:03:18","modified_gmt":"2017-09-15T19:03:18","slug":"e-por-falar-em-amigos","status":"publish","type":"post","link":"http:\/\/rodolfomartino.com.br\/blog\/e-por-falar-em-amigos\/","title":{"rendered":"E por falar em amigos&#8230;"},"content":{"rendered":"<p>O sempre vereador Almir Guimar\u00e3es responde \u00e0 cr\u00f4nica \u201cA Velha Reda\u00e7\u00e3o\u201d que escrevi e aqui postei no dia 2 de julho. Grande amigo e frequentador ass\u00edduo da Velha Reda\u00e7\u00e3o, especialmente no per\u00edodo da redemocratiza\u00e7\u00e3o do Pa\u00eds e um dos l\u00edderes da cl\u00e3 que se reunia no Sujinho da rua Bom Pastor com a Grenfeld,  Almir escreve:<\/p>\n<p>\u201cQuerido amigo Rudi, quantas saudades de um tempo que n\u00e3o volta mais. De amigos e companheiros que nos deixaram. Alguem disse que o tempo \u00e9 senhor da verdade. Ouso contraria-lo. Grande mentira!  A saudade, sim, define com o amor a verdade da vida de cada um de n\u00f3s.<\/p>\n<p>Vamos aproveitar as suas ferias para nos encontrarmos, e matarmos um pouco das saudades.<br \/>\nAbra\u00e7os. Almir\u201d.<\/p>\n<p>Outro parceiro daqueles idos tempos, o Tor\u00f3, como de h\u00e1bito, vai na jugular:<\/p>\n<p>\u201cSe for num boteco, eu topo.Tor\u00f3\u201d<\/p>\n<p>Uma amiga recente, a Camila, est\u00e1 de partida para Chicago.<\/p>\n<p>Vai fazer seu doutorado por l\u00e1. <\/p>\n<p>Est\u00e1 apreensiva. <\/p>\n<p>Ser\u00e1 que est\u00e1 fazendo a coisa certa, pergunta-se.<\/p>\n<p>Camila n\u00e3o \u00e9 da turma da Velha Reda\u00e7\u00e3o, mas tamb\u00e9m \u00e9 uma grande amiga \u2013 jovem, e com um futuro brilhante.<\/p>\n<p>Nesse momento, deve estar dentro do avi\u00e3o. Quando chegar na terra dos bacanudos, vai ler meu recado, inspirado numa linda can\u00e7\u00e3o do desaparecido Belchior:<\/p>\n<p>\u201cViver \u00e9 melhor que sonhar. N\u00e3o h\u00e1 nada mais bonito, minha cara, do que enfrentar os pr\u00f3prios sonhos, e transform\u00e1-los em realidade. Quando bater a saudade, visite o Blog. Que modestamente lhe darei not\u00edcias do Brasil\u201d.<\/p>\n","protected":false},"excerpt":{"rendered":"<p>O sempre vereador Almir Guimar\u00e3es responde \u00e0 cr\u00f4nica \u201cA Velha Reda\u00e7\u00e3o\u201d que escrevi e aqui postei no dia 2 de julho. Grande amigo e frequentador ass\u00edduo da Velha Reda\u00e7\u00e3o, especialmente no per\u00edodo da redemocratiza\u00e7\u00e3o do Pa\u00eds e um dos l\u00edderes da cl\u00e3 que se reunia no Sujinho da rua Bom Pastor com a Grenfeld,<\/p>\n","protected":false},"author":1,"featured_media":0,"comment_status":"closed","ping_status":"open","sticky":false,"template":"","format":"standard","meta":{"_exactmetrics_skip_tracking":false,"_uf_show_specific_survey":0,"_uf_disable_surveys":false,"footnotes":""},"categories":[5],"tags":[],"class_list":["post-13124","post","type-post","status-publish","format-standard","hentry","category-blog"],"_links":{"self":[{"href":"http:\/\/rodolfomartino.com.br\/blog\/wp-json\/wp\/v2\/posts\/13124","targetHints":{"allow":["GET"]}}],"collection":[{"href":"http:\/\/rodolfomartino.com.br\/blog\/wp-json\/wp\/v2\/posts"}],"about":[{"href":"http:\/\/rodolfomartino.com.br\/blog\/wp-json\/wp\/v2\/types\/post"}],"author":[{"embeddable":true,"href":"http:\/\/rodolfomartino.com.br\/blog\/wp-json\/wp\/v2\/users\/1"}],"replies":[{"embeddable":true,"href":"http:\/\/rodolfomartino.com.br\/blog\/wp-json\/wp\/v2\/comments?post=13124"}],"version-history":[{"count":1,"href":"http:\/\/rodolfomartino.com.br\/blog\/wp-json\/wp\/v2\/posts\/13124\/revisions"}],"predecessor-version":[{"id":14917,"href":"http:\/\/rodolfomartino.com.br\/blog\/wp-json\/wp\/v2\/posts\/13124\/revisions\/14917"}],"wp:attachment":[{"href":"http:\/\/rodolfomartino.com.br\/blog\/wp-json\/wp\/v2\/media?parent=13124"}],"wp:term":[{"taxonomy":"category","embeddable":true,"href":"http:\/\/rodolfomartino.com.br\/blog\/wp-json\/wp\/v2\/categories?post=13124"},{"taxonomy":"post_tag","embeddable":true,"href":"http:\/\/rodolfomartino.com.br\/blog\/wp-json\/wp\/v2\/tags?post=13124"}],"curies":[{"name":"wp","href":"https:\/\/api.w.org\/{rel}","templated":true}]}}