{"id":13125,"date":"2015-07-08T00:00:00","date_gmt":"2015-07-08T00:00:00","guid":{"rendered":""},"modified":"2017-09-15T19:03:18","modified_gmt":"2017-09-15T19:03:18","slug":"lembrancas-do-7-a-1","status":"publish","type":"post","link":"http:\/\/rodolfomartino.com.br\/blog\/lembrancas-do-7-a-1\/","title":{"rendered":"Lembran\u00e7as do 7 a 1"},"content":{"rendered":"<p>Reluto ao ligar o computador:<\/p>\n<p>Preciso escrever sobre o 7 a 1, a implac\u00e1vel derrota da sele\u00e7\u00e3o brasileira diante dos alem\u00e3es, na Copa de 2014. Faz um ano hoje \u2013 8 de julho.<\/p>\n<p>\u00c0 \u00e9poca estava de f\u00e9rias em Arraial D\u2019Ajuda (olai\u00e1&#8230;) e nada escrevi.<\/p>\n<p>(S\u00f3 quando voltei alinhavei uma alegoria ao tema, na cr\u00f4nica chamada \u201cA final dos sonhos\u201d, postada em 14 de julho)<\/p>\n<p>Assisti \u00e0 partida no refeit\u00f3rio do hotel, junto a outros h\u00f3spedes e funcion\u00e1rios.  Todos comemoravam a vit\u00f3ria antecipada e a cor amarela prevalecia no vestu\u00e1rio da rapaziada. Vale dizer que havia uma (in)certa tens\u00e3o no ar. N\u00e3o est\u00e1vamos, apesar da apar\u00eancia, assim t\u00e3o confiantes.<\/p>\n<p>Muitos lembravam as exibi\u00e7\u00f5es da Copa das Confedera\u00e7\u00f5es, em 2013. Outros temiam pela aus\u00eancia de Neymar, mas o garoto Bernardo, o que tinha \u201calegria nas pernas\u201d, faria a diferen\u00e7a.<\/p>\n<p>Papo de torcedor.<\/p>\n<p>Lembro que, a certa altura, antes mesmo de o jogo come\u00e7ar, chegou uma fam\u00edlia que nos chamou a aten\u00e7\u00e3o \u2013 os pais na faixa dos quarenta e os tr\u00eas filhos a rodear os 10. O mais novo vestia orgulhosamente a camisa da sele\u00e7\u00e3o alem\u00e3. A menina vestia uma amarelinha e o outro uma camisa azul da sele\u00e7\u00e3o.<\/p>\n<p>Destaquei a coragem do menino.<\/p>\n<p>E algu\u00e9m falou da \u201csimpatia\u201d dos alem\u00e3es para com os habitantes daquela regi\u00e3o \u2013 a sele\u00e7\u00e3o ficou em Cabr\u00e1lia, a poucos quil\u00f4metros dali, e conquistou a todos. Talvez fosse por isso que o meninote atrevido encarnara o \u201cOutrista\u201d, personagem do Ver\u00edssimo que est\u00e1 sempre contra a maioria.<\/p>\n<p>Diante dos nossos olhares curiosos, creio, a m\u00e3e resolveu estabelecer a regra do jogo para o garoto \u2013 e s\u00f3 para ele, os dois irm\u00e3os passaram inc\u00f3lume ao alerta:<\/p>\n<p>\u201cQuis vir com a camisa, veio. Agora n\u00e3o quero ver ningu\u00e9m chorando aqui se a Alemanha perder. Entendeu?\u201d<\/p>\n<p>O garoto fez que sim com a cabe\u00e7a.<\/p>\n<p>Somos as nossas op\u00e7\u00f5es.<\/p>\n<p>Beleza!<\/p>\n<p>Bola rolando e aquela sapecada de gols, um ap\u00f3s o outro. E o brasileirinho l\u00e1, na comemora\u00e7\u00e3o. E n\u00f3s, todos, express\u00f5es desalentadas, irreparavelmente tristes.<\/p>\n<p>Ao fim do primeiro tempo, 5 a 0, a fam\u00edlia resolveu assistir ao final da partida no quarto do hotel. <\/p>\n<p>A alegria do garoto era demais aos nossos olhos chorosos.<\/p>\n<p>Ningu\u00e9m imaginaria&#8230;<\/p>\n","protected":false},"excerpt":{"rendered":"<p>Reluto ao ligar o computador:<\/p>\n<p>Preciso escrever sobre o 7 a 1, a implac\u00e1vel derrota da sele\u00e7\u00e3o brasileira diante dos alem\u00e3es, na Copa de 2014. Faz um ano hoje \u2013 8 de julho.<\/p>\n","protected":false},"author":1,"featured_media":0,"comment_status":"closed","ping_status":"open","sticky":false,"template":"","format":"standard","meta":{"_exactmetrics_skip_tracking":false,"_uf_show_specific_survey":0,"_uf_disable_surveys":false,"footnotes":""},"categories":[5],"tags":[],"class_list":["post-13125","post","type-post","status-publish","format-standard","hentry","category-blog"],"_links":{"self":[{"href":"http:\/\/rodolfomartino.com.br\/blog\/wp-json\/wp\/v2\/posts\/13125","targetHints":{"allow":["GET"]}}],"collection":[{"href":"http:\/\/rodolfomartino.com.br\/blog\/wp-json\/wp\/v2\/posts"}],"about":[{"href":"http:\/\/rodolfomartino.com.br\/blog\/wp-json\/wp\/v2\/types\/post"}],"author":[{"embeddable":true,"href":"http:\/\/rodolfomartino.com.br\/blog\/wp-json\/wp\/v2\/users\/1"}],"replies":[{"embeddable":true,"href":"http:\/\/rodolfomartino.com.br\/blog\/wp-json\/wp\/v2\/comments?post=13125"}],"version-history":[{"count":1,"href":"http:\/\/rodolfomartino.com.br\/blog\/wp-json\/wp\/v2\/posts\/13125\/revisions"}],"predecessor-version":[{"id":14916,"href":"http:\/\/rodolfomartino.com.br\/blog\/wp-json\/wp\/v2\/posts\/13125\/revisions\/14916"}],"wp:attachment":[{"href":"http:\/\/rodolfomartino.com.br\/blog\/wp-json\/wp\/v2\/media?parent=13125"}],"wp:term":[{"taxonomy":"category","embeddable":true,"href":"http:\/\/rodolfomartino.com.br\/blog\/wp-json\/wp\/v2\/categories?post=13125"},{"taxonomy":"post_tag","embeddable":true,"href":"http:\/\/rodolfomartino.com.br\/blog\/wp-json\/wp\/v2\/tags?post=13125"}],"curies":[{"name":"wp","href":"https:\/\/api.w.org\/{rel}","templated":true}]}}