{"id":13128,"date":"2015-07-15T00:00:00","date_gmt":"2015-07-15T00:00:00","guid":{"rendered":""},"modified":"2017-09-15T19:03:18","modified_gmt":"2017-09-15T19:03:18","slug":"epitacio","status":"publish","type":"post","link":"http:\/\/rodolfomartino.com.br\/blog\/epitacio\/","title":{"rendered":"Epit\u00e1cio"},"content":{"rendered":"<p>Epit\u00e1cio era um amigo querido que andava distante. A bem da verdade, o distanciamento se deu mais em fun\u00e7\u00e3o da minha mudan\u00e7a de emprego. Deixei a velha reda\u00e7\u00e3o de piso assoalhado e grandes janelas para a rua Bom Pastor e fui cuidar da vida na Universidade Metodista em S\u00e3o Bernardo do Campo. Raras vezes, quase nunca, voltei ao Ipirang\u00e3o velho-de-guerra que, por anos e anos, me acolheu e onde fiz tantos amigos.<\/p>\n<p>Epit\u00e1cio era um deles.<\/p>\n<p>II.<\/p>\n<p>N\u00f3s nos conhecemos quando ele se apresentou como novo colunista do jornal para a \u00e1rea de Economia, trazido pela propriet\u00e1ria do mesmo, dona Araci Bueno.<\/p>\n<p>A partir da\u00ed, t\u00ednhamos contatos semanais para discutir o tema da coluna e, vez ou outra, apenas para comentar o momento pol\u00edtico que atravess\u00e1vamos. Nem sempre conjugamos as mesmas ideias. Mas, a discuss\u00e3o mais esclarecia do que nos punha em conflito.<\/p>\n<p>Epit\u00e1cio era dono de um dos principais escrit\u00f3rios de contabilidade da regi\u00e3o \u2013 a Rhemor \u2013 e sempre usava a carteira de clientes para abalizar os humores econ\u00f4micos. Era pragm\u00e1tico, portanto; mas raramente deixava de ter raz\u00e3o.<\/p>\n<p>III.<\/p>\n<p>Destaco dois momentos em que pude contar com a a\u00e7\u00e3o do Epit\u00e1cio para me ajudar. <\/p>\n<p>A saber:<\/p>\n<p>1 &#8211; Quando lancei meu primeiro livro \u201c\u00c0s Margens Pl\u00e1cidas do Ipiranga\u201d, o homem me arranjou palestras e visitas a zilh\u00f5es de entidades e clubes de servi\u00e7o. Era bem relacionado na regi\u00e3o e diria que foi o meu maior vendedor de livros. N\u00e3o satisfeito, no final daquele ano (1997), arranjou outros tantos empres\u00e1rios que compraram uma boa quantidade de exemplares como brindes natalinos. <\/p>\n<p>2 &#8211; Em outro per\u00edodo, foi o Epit\u00e1cio quem tratou da minha sa\u00edda do jornal. Depois de quase 30 anos por ali, eu n\u00e3o me sentia mais motivado a continuar. O jornal j\u00e1 n\u00e3o era mais o mesmo, atravessava um per\u00edodo dif\u00edcil e minha carreira na Universidade decolava \u2013 e passou a ser minha prioridade. O amigo cuidou de ser o elo de liga\u00e7\u00e3o entre as partes. Por pura amizade, fez com que as negocia\u00e7\u00f5es chegassem a um bom termo.<\/p>\n<p>IV.<\/p>\n<p>Nos \u00faltimos tempos, voltei a encontr\u00e1-lo por duas ou tr\u00eas vezes. Tenho uma empresa \u2013 dessas de emitir nota quando fa\u00e7o (ou fazia) algum frila \u2013 que preciso fechar e busquei sua ajuda. Ele ficou de dar uma olhada na papelada e depois me informar. <\/p>\n<p>&#8211; Vamos almo\u00e7ar qualquer dia, prometeu.<\/p>\n<p>Ele gostava dessas conversas sem fim sobre pol\u00edtica e economia.<\/p>\n<p>&#8211; Claro, claro&#8230; \u00c9 s\u00f3 marcar.<\/p>\n<p>Foi assim que nos despedimos.<\/p>\n<p>V.<\/p>\n<p>O amigo morreu no s\u00e1bado \u2013 e s\u00f3 ontem fiquei sabendo.<\/p>\n<p>Liguei para o escrit\u00f3rio para saber a quantas anda o processo de encerramento da empresa \u2013 e a T\u00e2nia, a secret\u00e1ria, me deu a triste not\u00edcia.  Ela falou que foi de repente, disse o nome da doen\u00e7a que se complicou de forma fulminante e&#8230;<\/p>\n<p>Sinceramente, n\u00e3o prestei aten\u00e7\u00e3o no que dizia. \u00c9 verdadeira aquela hist\u00f3ria do filme que passa na cabe\u00e7a da gente nesses momentos limites. Inexplic\u00e1vel o sentimento de perda, e do quanto somos ef\u00eameros. O tempo \u00e9 mesmo implac\u00e1vel.<\/p>\n<p>Que o Senhor o tenha em bom lugar, amigo.<\/p>\n","protected":false},"excerpt":{"rendered":"<p>Epit\u00e1cio era um amigo querido que andava distante. A bem da verdade, o distanciamento se deu mais em fun\u00e7\u00e3o da minha mudan\u00e7a de emprego. Deixei a velha reda\u00e7\u00e3o de piso assoalhado e grandes janelas para a rua Bom Pastor e fui cuidar da vida na Universidade Metodista em S\u00e3o Bernardo do Campo.<\/p>\n","protected":false},"author":1,"featured_media":0,"comment_status":"closed","ping_status":"open","sticky":false,"template":"","format":"standard","meta":{"_exactmetrics_skip_tracking":false,"_uf_show_specific_survey":0,"_uf_disable_surveys":false,"footnotes":""},"categories":[5],"tags":[],"class_list":["post-13128","post","type-post","status-publish","format-standard","hentry","category-blog"],"_links":{"self":[{"href":"http:\/\/rodolfomartino.com.br\/blog\/wp-json\/wp\/v2\/posts\/13128","targetHints":{"allow":["GET"]}}],"collection":[{"href":"http:\/\/rodolfomartino.com.br\/blog\/wp-json\/wp\/v2\/posts"}],"about":[{"href":"http:\/\/rodolfomartino.com.br\/blog\/wp-json\/wp\/v2\/types\/post"}],"author":[{"embeddable":true,"href":"http:\/\/rodolfomartino.com.br\/blog\/wp-json\/wp\/v2\/users\/1"}],"replies":[{"embeddable":true,"href":"http:\/\/rodolfomartino.com.br\/blog\/wp-json\/wp\/v2\/comments?post=13128"}],"version-history":[{"count":1,"href":"http:\/\/rodolfomartino.com.br\/blog\/wp-json\/wp\/v2\/posts\/13128\/revisions"}],"predecessor-version":[{"id":14913,"href":"http:\/\/rodolfomartino.com.br\/blog\/wp-json\/wp\/v2\/posts\/13128\/revisions\/14913"}],"wp:attachment":[{"href":"http:\/\/rodolfomartino.com.br\/blog\/wp-json\/wp\/v2\/media?parent=13128"}],"wp:term":[{"taxonomy":"category","embeddable":true,"href":"http:\/\/rodolfomartino.com.br\/blog\/wp-json\/wp\/v2\/categories?post=13128"},{"taxonomy":"post_tag","embeddable":true,"href":"http:\/\/rodolfomartino.com.br\/blog\/wp-json\/wp\/v2\/tags?post=13128"}],"curies":[{"name":"wp","href":"https:\/\/api.w.org\/{rel}","templated":true}]}}