{"id":13132,"date":"2015-07-20T00:00:00","date_gmt":"2015-07-20T00:00:00","guid":{"rendered":""},"modified":"2017-09-15T19:03:17","modified_gmt":"2017-09-15T19:03:17","slug":"a-saga-do-poeta","status":"publish","type":"post","link":"http:\/\/rodolfomartino.com.br\/blog\/a-saga-do-poeta\/","title":{"rendered":"A saga do Poeta"},"content":{"rendered":"<p>H\u00e1 formas e formas de se estar s\u00f3.<\/p>\n<p>\u00c9 o amigo Poeta quem me diz. Tem um jeito triste, e parece lembrar um grande amor (que se perdeu no tempo).<\/p>\n<p>Tento consol\u00e1-lo.<\/p>\n<p>Todos t\u00eam grandes amores que um dia se foram, digo.<\/p>\n<p>Generaliza\u00e7\u00f5es confortam, mas n\u00e3o aliviam.<\/p>\n<p>O Poeta, por ser poeta, sabe bem disso \u2013 eu \u00e9 que n\u00e3o me dou conta dessas sutilezas da vida.<\/p>\n<p>Outras nuances de casos assim: o sil\u00eancio prolongado e o olhar est\u00e1tico em algum ponto do infinito.<\/p>\n<p>Ele est\u00e1 assim.<\/p>\n<p>Precisa de um ombro amigo, talvez.<\/p>\n<p>Por isso o convite para nos encontrarmos depois de tantas semanas sem nos ver.<\/p>\n<p>&#8211; Naquele boteco em frente \u00e0 esta\u00e7\u00e3o Sacom\u00e3 do Metr\u00f4.<\/p>\n<p>Falei em chamar o Escova, mas ele sequer se pronunciou.<\/p>\n<p>N\u00e3o sei porque intui que fosse um n\u00e3o.<\/p>\n<p>Deixei quieto.<\/p>\n<p>At\u00e9 entendo a indiferen\u00e7a.<\/p>\n<p>Sempre que o assunto descamba para amores, paix\u00f5es e afins, o Escova faz jus ao apelido de Dom Juan das Quebradas para tomar para si o protagonismo das a\u00e7\u00f5es.<\/p>\n<p>II.<\/p>\n<p>O cen\u00e1rio se revela quando o Poeta retoma a conversa.<\/p>\n<p>E conta o que aconteceu.<\/p>\n<p>Ele foi deixar um amigo no aeroporto de Congonhas e, de repente, n\u00e3o mais que de repente, imaginou que ali encontraria a mulher que amam [e de quem est\u00e1 separado h\u00e1 alguns bons anos. <\/p>\n<p>N\u00e3o soube explicar o que lhe motivou essa sensa\u00e7\u00e3o. Mas, o cora\u00e7\u00e3o acelerou, ele esqueceu o amigo no balc\u00e3o da companhia a\u00e9rea e se p\u00f4s a procurar pela mo\u00e7a que n\u00e3o v\u00ea \u2013 repito \u2013 h\u00e1 alguns bons anos.<\/p>\n<p>&#8211; Que loucura, cara! N\u00e3o sei o que me deu. Andei como um doido por aqueles corredores, pelas alas. Fui e voltei n\u00e3o sei quantas vezes, estava esbaforido at\u00e9 que vi algu\u00e9m muito parecido com ela sentada em um dos bancos perto da pra\u00e7a da alimenta\u00e7\u00e3o. Detalhe: tinha um cara ao lado dela&#8230; Olha a situa\u00e7\u00e3o!.<\/p>\n<p>III.<\/p>\n<p>Meu sil\u00eancio \u00e9 sinal da minha cumplicidade. Por isso, o amigo se sente \u00e0 vontade para continuar o relato.<\/p>\n<p>&#8211; N\u00e3o tive d\u00favidas. T\u00e3o desvairado que estava, fui l\u00e1 e me sentei ao lado dela.  A\u00ed, minha cabe\u00e7a estava toda confusa. J\u00e1 n\u00e3o sabia se ela era ela. Ou se eu estava vendo uma miragem. \u00c0s vezes, eu pensava que sim. A mo\u00e7a percebeu que eu a estava \u2018secando\u2019 e ficou constrangida. Virou-se para o lado do rapaz que a acompanhava para me evitar.  E eu ali, firme, pensando um jeito de me comunicar com ela, fosse ela quem eu pensava que fosse ou n\u00e3o&#8230;<\/p>\n<p>N\u00e3o me espantei com o que ouvi a seguir.<\/p>\n<p>Conhe\u00e7o bem meus amigos.<\/p>\n<p>IV.<\/p>\n<p>&#8211; Naquele momento, eu me sentia absolutamente apaixonado. Olha que sem no\u00e7\u00e3o! Minha estrat\u00e9gia foi mudar de lugar. Fui para o balc\u00e3o em frente, do Viena. Pedi um caf\u00e9, e me posicionei em uma mesinha onde era imposs\u00edvel ela n\u00e3o me ver. Ela percebeu a manobra \u2013 e, sei que fez de prop\u00f3sito, ajeitou o cabelo com a m\u00e3o esquerda, aproveitou e mostrou a alian\u00e7a, deixando bem claro que era casada \u2013 e nada queria.<\/p>\n<p>Respiro aliviado. <\/p>\n<p>&#8211; Foi o suficiente para voc\u00ea sossegar, digo.<\/p>\n<p>&#8211; Voc\u00ea que pensa. A\u00ed que eu resolvi investir&#8230;<\/p>\n<p>*amanh\u00e3 continua<\/p>\n","protected":false},"excerpt":{"rendered":"<p>H\u00e1 formas e formas de se estar s\u00f3.<\/p>\n<p>\u00c9 o amigo Poeta quem me diz. Tem um jeito triste, e parece lembrar um grande amor (que se perdeu no tempo).<\/p>\n","protected":false},"author":1,"featured_media":0,"comment_status":"closed","ping_status":"open","sticky":false,"template":"","format":"standard","meta":{"_exactmetrics_skip_tracking":false,"_uf_show_specific_survey":0,"_uf_disable_surveys":false,"footnotes":""},"categories":[5],"tags":[],"class_list":["post-13132","post","type-post","status-publish","format-standard","hentry","category-blog"],"_links":{"self":[{"href":"http:\/\/rodolfomartino.com.br\/blog\/wp-json\/wp\/v2\/posts\/13132","targetHints":{"allow":["GET"]}}],"collection":[{"href":"http:\/\/rodolfomartino.com.br\/blog\/wp-json\/wp\/v2\/posts"}],"about":[{"href":"http:\/\/rodolfomartino.com.br\/blog\/wp-json\/wp\/v2\/types\/post"}],"author":[{"embeddable":true,"href":"http:\/\/rodolfomartino.com.br\/blog\/wp-json\/wp\/v2\/users\/1"}],"replies":[{"embeddable":true,"href":"http:\/\/rodolfomartino.com.br\/blog\/wp-json\/wp\/v2\/comments?post=13132"}],"version-history":[{"count":1,"href":"http:\/\/rodolfomartino.com.br\/blog\/wp-json\/wp\/v2\/posts\/13132\/revisions"}],"predecessor-version":[{"id":14910,"href":"http:\/\/rodolfomartino.com.br\/blog\/wp-json\/wp\/v2\/posts\/13132\/revisions\/14910"}],"wp:attachment":[{"href":"http:\/\/rodolfomartino.com.br\/blog\/wp-json\/wp\/v2\/media?parent=13132"}],"wp:term":[{"taxonomy":"category","embeddable":true,"href":"http:\/\/rodolfomartino.com.br\/blog\/wp-json\/wp\/v2\/categories?post=13132"},{"taxonomy":"post_tag","embeddable":true,"href":"http:\/\/rodolfomartino.com.br\/blog\/wp-json\/wp\/v2\/tags?post=13132"}],"curies":[{"name":"wp","href":"https:\/\/api.w.org\/{rel}","templated":true}]}}