{"id":13138,"date":"2015-07-23T00:00:00","date_gmt":"2015-07-23T00:00:00","guid":{"rendered":""},"modified":"2017-09-15T19:03:17","modified_gmt":"2017-09-15T19:03:17","slug":"apontamentos-de-quintana","status":"publish","type":"post","link":"http:\/\/rodolfomartino.com.br\/blog\/apontamentos-de-quintana\/","title":{"rendered":"Apontamentos de Quintana"},"content":{"rendered":"<p>Termino de ler \u201cApontamento de Hist\u00f3ria Sobrenatural\u201d, do poeta Mario Quintana, e n\u00e3o resisto o impulso de transcrever alguns trechos de seus poemas:<\/p>\n<p>I.<\/p>\n<p>Eu ou\u00e7o m\u00fasica como quem apanha chuva: <\/p>\n<p>Resignado<\/p>\n<p>E triste<\/p>\n<p>De saber que existe um mundo<\/p>\n<p>Do Outro Mundo&#8230;<\/p>\n<p>II.<\/p>\n<p>A vida \u00e9 t\u00e3o bela que chega a dar medo.<\/p>\n<p>III.<\/p>\n<p>Sonhar \u00e9 acordar-se para dentro.<\/p>\n<p>IV.<\/p>\n<p>Era uma rua t\u00e3o antiga, t\u00e3o distante<\/p>\n<p>Que ainda tinha crep\u00fasculos, a desgra\u00e7ada&#8230;<\/p>\n<p>V.<\/p>\n<p>Uma rosa branca.<\/p>\n<p>N\u00e3o sei por que<\/p>\n<p>Parece uma<\/p>\n<p>Ave-Maria.<\/p>\n<p>VI.<\/p>\n<p>DESCOBERTAS<\/p>\n<p>Descobrir continentes \u00e9 t\u00e3o f\u00e1cil como esbarrar com [um elefante:<\/p>\n<p>Poeta \u00e9 o que encontra uma moedinha perdida&#8230;<\/p>\n<p>VII.<\/p>\n<p>ELEGIA URBANA<\/p>\n<p>R\u00e1dios. Tev\u00eas.<\/p>\n<p>Gooooooooooooooooooooooolo!!!<\/p>\n<p>(O domingo \u00e9 um cachorro escondido debaixo da cama)<\/p>\n<p>VIII.<\/p>\n<p>O TEMPO<\/p>\n<p>O rel\u00f3gio \u00e9 um objeto abjeto.<\/p>\n<p>Nele mora o Tempo. O Tempo n\u00e3o pode viver sem n\u00f3s, <\/p>\n<p>Para n\u00e3o parar.<\/p>\n<p>E todas as manh\u00e3s nos chama freneticamente <\/p>\n<p>Como um velho paral\u00edtico a tocar a campainha atroz.<\/p>\n<p>IX.<\/p>\n<p>POESIA PURA<\/p>\n<p>Um lampi\u00e3o de esquina<\/p>\n<p>S\u00f3 pode ser comparado a um lampi\u00e3o de esquina,<\/p>\n<p>De tal maneira ele \u00e9 ele mesmo<\/p>\n<p>Na sua ardente solid\u00e3o.<\/p>\n<p>X.<\/p>\n<p>INTERROGA\u00c7\u00d5ES<\/p>\n<p>Nenhuma pergunta demanda resposta.<\/p>\n<p>Cada verso \u00e9 uma pergunta do poeta.<\/p>\n<p>E as estrelas&#8230;<\/p>\n<p>As flores&#8230;<\/p>\n<p>O mundo&#8230;<\/p>\n<p>S\u00e3o perguntas de Deus.<\/p>\n","protected":false},"excerpt":{"rendered":"<p>Termino de ler \u201cApontamento de Hist\u00f3ria Sobrenatural\u201d, do poeta Mario Quintana, e n\u00e3o resisto o impulso de transcrever alguns trechos de seus poemas:<\/p>\n<p>I.<\/p>\n<p>Eu ou\u00e7o m\u00fasica como quem apanha chuva: <\/p>\n<p>Resignado<\/p>\n<p>E triste<\/p>\n<p>De saber que existe um mundo<\/p>\n<p>Do Outro Mundo&#8230;<\/p>\n","protected":false},"author":1,"featured_media":0,"comment_status":"closed","ping_status":"open","sticky":false,"template":"","format":"standard","meta":{"_exactmetrics_skip_tracking":false,"_uf_show_specific_survey":0,"_uf_disable_surveys":false,"footnotes":""},"categories":[5],"tags":[],"class_list":["post-13138","post","type-post","status-publish","format-standard","hentry","category-blog"],"_links":{"self":[{"href":"http:\/\/rodolfomartino.com.br\/blog\/wp-json\/wp\/v2\/posts\/13138","targetHints":{"allow":["GET"]}}],"collection":[{"href":"http:\/\/rodolfomartino.com.br\/blog\/wp-json\/wp\/v2\/posts"}],"about":[{"href":"http:\/\/rodolfomartino.com.br\/blog\/wp-json\/wp\/v2\/types\/post"}],"author":[{"embeddable":true,"href":"http:\/\/rodolfomartino.com.br\/blog\/wp-json\/wp\/v2\/users\/1"}],"replies":[{"embeddable":true,"href":"http:\/\/rodolfomartino.com.br\/blog\/wp-json\/wp\/v2\/comments?post=13138"}],"version-history":[{"count":1,"href":"http:\/\/rodolfomartino.com.br\/blog\/wp-json\/wp\/v2\/posts\/13138\/revisions"}],"predecessor-version":[{"id":14907,"href":"http:\/\/rodolfomartino.com.br\/blog\/wp-json\/wp\/v2\/posts\/13138\/revisions\/14907"}],"wp:attachment":[{"href":"http:\/\/rodolfomartino.com.br\/blog\/wp-json\/wp\/v2\/media?parent=13138"}],"wp:term":[{"taxonomy":"category","embeddable":true,"href":"http:\/\/rodolfomartino.com.br\/blog\/wp-json\/wp\/v2\/categories?post=13138"},{"taxonomy":"post_tag","embeddable":true,"href":"http:\/\/rodolfomartino.com.br\/blog\/wp-json\/wp\/v2\/tags?post=13138"}],"curies":[{"name":"wp","href":"https:\/\/api.w.org\/{rel}","templated":true}]}}