{"id":13144,"date":"2015-07-29T00:00:00","date_gmt":"2015-07-29T00:00:00","guid":{"rendered":""},"modified":"2017-09-15T19:01:57","modified_gmt":"2017-09-15T19:01:57","slug":"gil-e-caetano-em-israel","status":"publish","type":"post","link":"http:\/\/rodolfomartino.com.br\/blog\/gil-e-caetano-em-israel\/","title":{"rendered":"Gil e Caetano em Israel"},"content":{"rendered":"<p>Vejo no telejornal da TV brev\u00edssimas cenas do show de Gil e Caetano em Israel.<\/p>\n<p>Enfileiram velhos sucessos para uma plateia silenciosa e embevecida. Diz o rep\u00f3rter: \u201cs\u00e3o aproximadamente 10 mil pessoas, brasileiros inclusive\u201d. <\/p>\n<p>Os baianos sempre me emocionam quando cantam aquelas can\u00e7\u00f5es do passado. N\u00e3o me perguntem a este nost\u00e1lgico escriba o porqu\u00ea? Ainda mais se assim o fizerem na forma intimista e ac\u00fastica, como os vejo na telinha, os dois e seus viol\u00f5es e a trilha sonora de um tempo que era de luta, mas tamb\u00e9m se permitia sonhar.<\/p>\n<p>II.<\/p>\n<p>O show tem um nome sugestivo, \u201cDois Amigos. Um S\u00e9culo de M\u00fasica\u201d, por comemorar os 50 anos de carreira de cada um. <\/p>\n<p>Est\u00e3o em turn\u00ea internacional, shows em quase toda a Europa e este, em Israel.<\/p>\n<p>Meu filho me diz que chega em agosto em S\u00e3o Paulo, com direito a espet\u00e1culo extra e lota\u00e7\u00e3o \u2013 acreditem! \u2013 esgotada.<\/p>\n<p>Na fase (devagar, quase parando&#8230; parei) em que me encontro, \u00e9 muito prov\u00e1vel que s\u00f3 v\u00e1 v\u00ea-los bem depois, quando lan\u00e7arem o DVD. <\/p>\n<p>N\u00e3o \u00e9 a mesma coisa, eu sei. <\/p>\n<p>Mas, como disse, j\u00e1 me serve.<\/p>\n<p>III.<\/p>\n<p>Em Tel Aviv, havia uma expectativa de que os baianos se  posicionassem \u2018politicamente\u2019 \u2013 uma vez que esta apresenta\u00e7\u00e3o causou grande pol\u00eamica e outro tanto de \u201cmimimi\u201d, como dizem meus alunos.<\/p>\n<p>Os baianos apenas cantaram. Na tentativa (que nunca \u00e9 v\u00e3) de que o entendimento entre os povos se estabelecesse um tantinho mais que fosse e a paz, a almejada paz, se espraiasse como um bem maior de todos ali.<\/p>\n<p>IV.<\/p>\n<p>L\u00e1 no mais antigo dos anos, em uma entrevista, perguntei a Gil se suas primeiras can\u00e7\u00f5es \u2013 \u201cLunik 9\u201d, \u201cProciss\u00e3o\u201d, \u201cLouva\u00e7\u00e3o\u201d, entre outras \u2013 poderiam ser consideradas dentro do que se convencionou chamar \u2018M\u00fasica de Protesto\u2019.<\/p>\n<p>Meu baiano favorito balan\u00e7ou a cabe\u00e7a, num gesto caracter\u00edstico de quem est\u00e1 entre o sim e o n\u00e3o. Olhou para algum ponto perdido entre o alto da parede e o teto do sagu\u00e3o do hotel em que atendia os rep\u00f3rteres e deu a resposta que eu nunca esqueci:<\/p>\n<p>&#8211; Minha m\u00fasica \u00e9 libert\u00e1ria. Promove o entendimento entre os homens, a harmonia, entende?<\/p>\n<p>Desconfio que naquele momento n\u00e3o soubesse entender t\u00e3o plenamente o quanto hoje entendo \u2013 e acho vital.<\/p>\n","protected":false},"excerpt":{"rendered":"<p>Vejo no telejornal da TV brev\u00edssimas cenas do show de Gil e Caetano em Israel.<\/p>\n<p>Enfileiram velhos sucessos para uma plateia silenciosa e embevecida. Diz o rep\u00f3rter: \u201cs\u00e3o aproximadamente 10 mil pessoas,<\/p>\n","protected":false},"author":1,"featured_media":0,"comment_status":"closed","ping_status":"open","sticky":false,"template":"","format":"standard","meta":{"_exactmetrics_skip_tracking":false,"_uf_show_specific_survey":0,"_uf_disable_surveys":false,"footnotes":""},"categories":[5],"tags":[],"class_list":["post-13144","post","type-post","status-publish","format-standard","hentry","category-blog"],"_links":{"self":[{"href":"http:\/\/rodolfomartino.com.br\/blog\/wp-json\/wp\/v2\/posts\/13144","targetHints":{"allow":["GET"]}}],"collection":[{"href":"http:\/\/rodolfomartino.com.br\/blog\/wp-json\/wp\/v2\/posts"}],"about":[{"href":"http:\/\/rodolfomartino.com.br\/blog\/wp-json\/wp\/v2\/types\/post"}],"author":[{"embeddable":true,"href":"http:\/\/rodolfomartino.com.br\/blog\/wp-json\/wp\/v2\/users\/1"}],"replies":[{"embeddable":true,"href":"http:\/\/rodolfomartino.com.br\/blog\/wp-json\/wp\/v2\/comments?post=13144"}],"version-history":[{"count":1,"href":"http:\/\/rodolfomartino.com.br\/blog\/wp-json\/wp\/v2\/posts\/13144\/revisions"}],"predecessor-version":[{"id":14901,"href":"http:\/\/rodolfomartino.com.br\/blog\/wp-json\/wp\/v2\/posts\/13144\/revisions\/14901"}],"wp:attachment":[{"href":"http:\/\/rodolfomartino.com.br\/blog\/wp-json\/wp\/v2\/media?parent=13144"}],"wp:term":[{"taxonomy":"category","embeddable":true,"href":"http:\/\/rodolfomartino.com.br\/blog\/wp-json\/wp\/v2\/categories?post=13144"},{"taxonomy":"post_tag","embeddable":true,"href":"http:\/\/rodolfomartino.com.br\/blog\/wp-json\/wp\/v2\/tags?post=13144"}],"curies":[{"name":"wp","href":"https:\/\/api.w.org\/{rel}","templated":true}]}}