{"id":13145,"date":"2015-07-30T00:00:00","date_gmt":"2015-07-30T00:00:00","guid":{"rendered":""},"modified":"2017-09-15T19:01:57","modified_gmt":"2017-09-15T19:01:57","slug":"cantoria","status":"publish","type":"post","link":"http:\/\/rodolfomartino.com.br\/blog\/cantoria\/","title":{"rendered":"Cantoria"},"content":{"rendered":"<p>Ame, seja como for<br \/>\nSem medo de sofrer<br \/>\nPintou desilus\u00e3o<br \/>\nN\u00e3o tenha medo n\u00e3q<br \/>\nO tempo poder\u00e1 lhe dizer&#8230;<\/p>\n<p>(&#8230;)<\/p>\n<p>Acordo cantarolando o samba \u201cAme\u201d de Paulinho da Viola.<\/p>\n<p>Nem debaixo do chuveiro, nessa manh\u00e3 fria, os versos me largam<\/p>\n<p>Que tudo<br \/>\nTraz alguma dor<br \/>\nE o bem de revelar<br \/>\nQue a tal felicidade<br \/>\nSempre t\u00e3o fugaz<br \/>\nA gente tem que conquistar<\/p>\n<p>(&#8230;)<\/p>\n<p>N\u00e3o entendo o motivo.<\/p>\n<p>N\u00e3o me perguntem.<\/p>\n<p>II.<\/p>\n<p>Ali\u00e1s, este \u00e9 um mist\u00e9rio que sempre quis desvendar.<\/p>\n<p>Acontece comigo \u2013 e tamb\u00e9m vejo que se d\u00e1 com amigos e conhecidos.<\/p>\n<p>Vez ou outra, sem motivo aparente, sacamos a letra e os acordes de uma velha can\u00e7\u00e3o l\u00e1 dos confins da alma e do cora\u00e7\u00e3o.<\/p>\n<p>Ser\u00e1 que essa cantoria tenta nos dizer algo?<\/p>\n<p>III.<\/p>\n<p>&#8211; Voc\u00ea ouviu a m\u00fasica no r\u00e1dio, me diz o amigo Ferreira, com quem trabalho.<\/p>\n<p>&#8211; N\u00e3o ouvi, respondo e, em seguida, observo que ele mesmo, f\u00e3 incondicional de Elvis, cai na mesma armadilha do imponder\u00e1vel. N\u00e3o \u00e9 raro ouvi-lo saborear um \u201cIt\u2019s Now or Never\u201d daqui, um \u201cTutti Frutti\u201d dali. Quando emplaca um \u201cBridge Over Troubled Water\u201d, sei que as coisas n\u00e3o est\u00e3o l\u00e1 aquelas coisas pro lado do amigo.<\/p>\n<p>Ferreir\u00e3o ri da minha considera\u00e7\u00e3o.<\/p>\n<p>&#8211; Faz sentido, cara, faz sentido.<\/p>\n<p>IV.<\/p>\n<p>Dia desses, outro parceiro de trabalho, o Fernando, chegou a entoar o mestre Moacir Franco, l\u00e1 dos prim\u00f3rdios da carreira deste mineiro de Ituiutaba:<\/p>\n<p>Que ser\u00e1 de ti<br \/>\nQuando a ilus\u00e3o<br \/>\nDo seu cora\u00e7\u00e3o<br \/>\nFor chegando ao fim&#8230;<\/p>\n<p>(&#8230;)<\/p>\n<p>Que que \u00e9 isso, minha gente!<\/p>\n<p>Nem ele acreditou quando chamei aten\u00e7\u00e3o do nosso tenor de churrascaria.<\/p>\n<p>&#8211; Ai, Jesus, de onde tirei essa lembran\u00e7a?<\/p>\n<p>Foi minha vez de \u2018viajar\u2019 \u2013 e mostrar minha pseuda erudi\u00e7\u00e3o em termos de MPB.<\/p>\n<p>\u201cVou lhe ajudar: trata-se de uma vers\u00e3o, feita por ningu\u00e9m menos que o apresentador H\u00e9lio Ansaldo, famoso nos tempos da TV Record. Isso l\u00e1 no in\u00edcio dos anos 60\u201d.<\/p>\n<p>V.<\/p>\n<p>Lembrei a hist\u00f3ria com satisfa\u00e7\u00e3o \u2013 e todos fizeram um respeitoso sil\u00eancio \u00e0 minha mem\u00f3ria. <\/p>\n<p>Nem todos. Em tom de deboche, algu\u00e9m murmurou que sou t\u00e3o antigo que merecia uma \u2018capa dura\u2019 e um espa\u00e7o na biblioteca. Tamb\u00e9m se mostraram encafifados com essas incontrol\u00e1veis manifesta\u00e7\u00f5es:<\/p>\n<p>&#8211; Significaria exatamente o qu\u00ea?<\/p>\n<p>Neste exato instante, entrou em nossa sala aquela senhorinha, de ilibada reputa\u00e7\u00e3o e \u00f3culos de grossos aros. Toda brejeira, no saltinho, deu bom dia aos presentes, ligou o computador e se p\u00f4s cantarolar Anita, o \u201cShow das Poderosas\u201d. <\/p>\n<p>Prepara<br \/>\nQue agora<br \/>\n\u00c9 a hora<br \/>\nDo show das poderosas<\/p>\n<p>(&#8230;)<\/p>\n<p>VI.<\/p>\n<p>S\u00f3 faltou algu\u00e9m gritar:<\/p>\n<p>&#8211; Que fase! A noite foi boa, hein, comadre&#8230;<\/p>\n<p>Ningu\u00e9m fez o deselegante coment\u00e1rio.  Mas, pelos olhares trocados entre n\u00f3s, podem acreditar que pensar, todos pensaram&#8230;<\/p>\n","protected":false},"excerpt":{"rendered":"<p>Ame, seja como for<br \/>\nSem medo de sofrer<br \/>\nPintou desilus\u00e3o<br \/>\nN\u00e3o tenha medo n\u00e3q<br \/>\nO tempo poder\u00e1 lhe dizer&#8230;<\/p>\n<p>(&#8230;)<\/p>\n<p>Acordo cantarolando o samba \u201cAme\u201d de Paulinho da Viola.<\/p>\n","protected":false},"author":1,"featured_media":0,"comment_status":"closed","ping_status":"open","sticky":false,"template":"","format":"standard","meta":{"_exactmetrics_skip_tracking":false,"_uf_show_specific_survey":0,"_uf_disable_surveys":false,"footnotes":""},"categories":[5],"tags":[],"class_list":["post-13145","post","type-post","status-publish","format-standard","hentry","category-blog"],"_links":{"self":[{"href":"http:\/\/rodolfomartino.com.br\/blog\/wp-json\/wp\/v2\/posts\/13145","targetHints":{"allow":["GET"]}}],"collection":[{"href":"http:\/\/rodolfomartino.com.br\/blog\/wp-json\/wp\/v2\/posts"}],"about":[{"href":"http:\/\/rodolfomartino.com.br\/blog\/wp-json\/wp\/v2\/types\/post"}],"author":[{"embeddable":true,"href":"http:\/\/rodolfomartino.com.br\/blog\/wp-json\/wp\/v2\/users\/1"}],"replies":[{"embeddable":true,"href":"http:\/\/rodolfomartino.com.br\/blog\/wp-json\/wp\/v2\/comments?post=13145"}],"version-history":[{"count":1,"href":"http:\/\/rodolfomartino.com.br\/blog\/wp-json\/wp\/v2\/posts\/13145\/revisions"}],"predecessor-version":[{"id":14900,"href":"http:\/\/rodolfomartino.com.br\/blog\/wp-json\/wp\/v2\/posts\/13145\/revisions\/14900"}],"wp:attachment":[{"href":"http:\/\/rodolfomartino.com.br\/blog\/wp-json\/wp\/v2\/media?parent=13145"}],"wp:term":[{"taxonomy":"category","embeddable":true,"href":"http:\/\/rodolfomartino.com.br\/blog\/wp-json\/wp\/v2\/categories?post=13145"},{"taxonomy":"post_tag","embeddable":true,"href":"http:\/\/rodolfomartino.com.br\/blog\/wp-json\/wp\/v2\/tags?post=13145"}],"curies":[{"name":"wp","href":"https:\/\/api.w.org\/{rel}","templated":true}]}}